{"id":86219,"date":"2023-06-07T10:15:59","date_gmt":"2023-06-07T08:15:59","guid":{"rendered":"https:\/\/gallehr.flei.dev\/?p=86219"},"modified":"2025-11-17T17:05:22","modified_gmt":"2025-11-17T16:05:22","slug":"bmwk-foerderprogramm-fuer-klimaschutzvertraege-startet-am-06-juni","status":"publish","type":"post","link":"https:\/\/gallehr.flei.dev\/de\/bmwk-foerderprogramm-fuer-klimaschutzvertraege-startet-am-06-juni\/","title":{"rendered":"BMWK \u2013 F\u00f6rderprogramm f\u00fcr Klimaschutzvertr\u00e4ge startet am 06. Juni"},"content":{"rendered":"<div class=\"reader-article-content reader-article-content--content-blocks\" dir=\"ltr\">\n<h1 class=\"reader-text-block__paragraph\"><strong>Klimaschutzvertr\u00e4ge bzw. Carbon Contracts for Difference (CCfD) startet im Sommer 2023. Vorbereitendes Verfahren beginnt am 06. Juni. <\/strong><\/h1>\n<p class=\"reader-text-block__paragraph\"><span style=\"font-size: 12pt;\">Am 5. Juni 2023 k\u00fcndigte das Bundesministerium f\u00fcr Wirtschaft und Klimaschutz (BMWK) die <a href=\"https:\/\/www.bmwk.de\/Redaktion\/DE\/Downloads\/F\/foerderrichtlinie-klimaschutzvertraege.html\">F\u00f6rderrichtlinie Klimaschutzvertr\u00e4ge<\/a> an, am <a href=\"https:\/\/www.bmwk.de\/Redaktion\/DE\/Pressemitteilungen\/2023\/06\/20230605-foerderprogramm-fuer-klimaschutzvertraege-startet.html\">06. Juni 2023 wurde sie im Bundesanzeiger<\/a> ver\u00f6ffentlicht. Das zugeh\u00f6rige \u201evorbereitende Verfahren\u201c beginnt damit ebenfalls am 06. Juni. Schnell zu handeln, k\u00f6nnte sich lohnen.<\/span><\/p>\n<p class=\"reader-text-block__paragraph\"><span style=\"font-size: 12pt;\">Grunds\u00e4tzlich ist die Teilnahme am vorbereitenden Verfahren eine zwingende Voraussetzung f\u00fcr die Teilnahme am nachfolgenden Gebotsverfahren.<\/span><\/p>\n<h3 class=\"reader-text-block__paragraph\"><span style=\"font-size: 12pt;\"><strong>Worum geht es bei den Klimaschutzvertr\u00e4gen bzw. CCfD?<\/strong><\/span><\/h3>\n<p class=\"reader-text-block__paragraph\"><span style=\"font-size: 12pt;\">Ziel der F\u00f6rderrichtlinie ist die Dekarbonisierung der energie- und emissionsintensiven Industrie, insb. der Stahl-, Zement-, Papier- und Glasindustrie, um das \u00fcbergeordnete Ziel der Klimaneutralit\u00e4t bis 2045 erreichen zu k\u00f6nnen. Nach BMWK sind die CCfD eine \u201eAnsto\u00dffinanzierung\u201c zur Errichtung und zum Betrieb innovativer, neuartiger Industrieanlagen. Durch die CCfD sollen sich <strong>transformative Technologien schnell am Markt etablieren<\/strong>, um mittelfristig ohne F\u00f6rderungen auszukommen. Der Industriestandort Deutschland soll erneuert und f\u00fcr die Zukunft gest\u00e4rkt werden. Zudem wird ein Anreiz gesetzt, notwendige Infrastruktur wie Wasserstoffpipelines oder auch \u201egr\u00fcne Leitm\u00e4rkte\u201c aufzubauen.<\/span><\/p>\n<p class=\"reader-text-block__paragraph\"><span style=\"font-size: 12pt;\">Unternehmen, die gef\u00f6rdert werden wollen, treten zun\u00e4chst in einen Bieterwettstreit um Klimaschutzvertr\u00e4ge. Der beste und insbesondere g\u00fcnstigste Bieter gewinnt. Um die Industrietransformation Richtung Klimaneutralit\u00e4t voranzutreiben, stellt das BMWK einen <strong>\u201ezweistelligen Milliardenbetrag\u201c<\/strong> zur Verf\u00fcgung. Dieser Betrag gilt als maximal m\u00f6glicher Auszahlungsbetrag f\u00fcr die kommenden Jahre, wobei erstmal nicht angedacht ist, ein weiteres Gebotsverfahren zum Erhalt der CCfD-Beihilfe einzuleiten.<\/span><\/p>\n<h3 class=\"reader-text-block__paragraph\"><span style=\"font-size: 12pt;\"><strong>Wie funktionieren die Klimaschutzvertr\u00e4ge?<\/strong><\/span><\/h3>\n<p class=\"reader-text-block__paragraph\"><span style=\"font-size: 12pt;\">Klimaschutzvertr\u00e4ge gleichen Preisrisiken und Differenzen von Unternehmen aus, die auf klimafreundliche, aber noch unwirtschaftliche Produktionsverfahren umstellen wollen. Sobald das klimafreundliche Verfahren am Markt durchsetzungsf\u00e4hig bzw. die g\u00fcnstigere Variante im Vergleich zum etablierten Produktionsverfahren ist, wird die Differenz an den staatlichen F\u00f6rdergeber zur\u00fcckbezahlt. Sowohl Investitions- als auch variable Kosten (CAPEX- und OPEX-Kosten) werden durch die CCfD abgedeckt. Der F\u00f6rderzeitraum soll 15 Jahre abdecken.<\/span><\/p>\n<p class=\"reader-text-block__paragraph\"><span style=\"font-size: 12pt;\">Die F\u00f6rderung findet \u00fcber ein Auktions- bzw. Ausschreibungsmodell statt. Das relevanteste Kriterium f\u00fcr den Zuschlag, ist die ben\u00f6tigte F\u00f6rderung um eine Tonne CO\u2082 zu vermeiden. Diejenigen Firmen, die den niedrigsten Wert in Euro je vermiedener Tonne CO\u2082 ben\u00f6tigen, erhalten den Zuschlag. Dieser Wert nennt sich Vertragspreis. Der Vertragspreis wird \u00fcber 15 Jahre dynamisiert. Relevante Einflussfaktoren sind Preise f\u00fcr Emissionszertifikate (EUA) im Rahmen des Europ\u00e4ischen Emissionshandelssystems (EU-ETS) oder Preise f\u00fcr Roh- und Brennstoffe. Diese Faktoren werden auf den Vertragspreis aufgeschlagen oder auch von ihm abgezogen. Bei positivem Ergebnis zahlt der Staat das Ergebnis an das Unternehmen, bei negativem Ergebnis findet eine R\u00fcckzahlung statt. So sind sowohl Staat als auch Unternehmen abgesichert.<\/span><\/p>\n<h3 class=\"reader-text-block__paragraph\"><span style=\"font-size: 12pt;\"><strong>Was ist neu im Vergleich zu fr\u00fcheren Entw\u00fcrfen?<\/strong><\/span><\/h3>\n<p class=\"reader-text-block__paragraph\"><span style=\"font-size: 12pt;\">GALLEHR+PARTNER\u00ae hat bereits in fr\u00fcheren <a href=\"https:\/\/www.linkedin.com\/pulse\/etablierung-von-klimaneutralen-produktionsverfahren-durch-%3FtrackingId=Px0q9L%252BiiBg9Ns%252FhAi5wQw%253D%253D\/?trackingId=Px0q9L%2BiiBg9Ns%2FhAi5wQw%3D%3D\">Artikeln<\/a> \u00fcber Klimaschutzvertr\u00e4ge berichtet, wir haben hier diese f\u00fcr sie <a href=\"https:\/\/www.linkedin.com\/pulse\/etablierung-von-klimaneutralen-produktionsverfahren-durch-%3FtrackingId=Px0q9L%252BiiBg9Ns%252FhAi5wQw%253D%253D\/?trackingId=Px0q9L%2BiiBg9Ns%2FhAi5wQw%3D%3D\">verlinkt<\/a>.<\/span><\/p>\n<p class=\"reader-text-block__paragraph\"><span style=\"font-size: 12pt;\">Im Vergleich zu den urspr\u00fcnglichen Artikeln, haben sich allerdings einige \u00c4nderungen ergeben, die wir folgend kurz erkl\u00e4ren:<\/span><\/p>\n<p class=\"reader-text-block__paragraph\"><span style=\"font-size: 12pt;\">Klimaschutzvertr\u00e4ge k\u00f6nnen nicht nur von den oben beschriebenen Branchen abgeschlossen werden, alle Industrieanlagen, die mehr als 10.000 Tonnen CO2-\u00c4quivalente j\u00e4hrlich emittieren, sind berechtigt eine F\u00f6rderung zur Transformation zu beantragen. Urspr\u00fcnglich war dieser Wert auf 30.000 Tonnen angesetzt.<\/span><\/p>\n<p class=\"reader-text-block__paragraph\"><span style=\"font-size: 12pt;\">Bei der Umstellung auf strombasierte Verfahren muss der verwendete Strom zu 100 % aus erneuerbaren Quellen stammen. Beim Umstieg auf Wasserstoff, muss dieser die Kriterien gem\u00e4\u00df EU-Taxonomie erf\u00fcllen. \u201eGr\u00fcner Wasserstoff\u201c wird im Vergleich zu \u201eblauem Wasserstoff\u201c privilegiert behandelt.<\/span><\/p>\n<h3 class=\"reader-text-block__paragraph\"><span style=\"font-size: 12pt;\"><strong>Wie geht es weiter? <\/strong><\/span><\/h3>\n<p class=\"reader-text-block__paragraph\"><span style=\"font-size: 12pt;\">Das Gesetz muss noch die \u201ezuwendungsrechtliche Pr\u00fcfung\u201c der EU-Kommission durchlaufen. Sollte diese positiv ausfallen, kann das Gesetz in die Tat umgesetzt werden.<\/span><\/p>\n<p class=\"reader-text-block__paragraph\"><span style=\"font-size: 12pt;\">Mit dem heutigen Tage, dem 06. Juni 2023, beginnt zudem das \u201evorbereitende Verfahren\u201c. Die Teilnahme am vorbereitenden Verfahren und die vollst\u00e4ndige sowie fristgerechte \u00dcbermittlung der angeforderten Angaben ist eine zwingende Voraussetzung f\u00fcr die Teilnahme am nachfolgenden Gebotsverfahren.<\/span><\/p>\n<p class=\"reader-text-block__paragraph\"><span style=\"font-size: 12pt;\">An einer F\u00f6rderung interessierte Unternehmen k\u00f6nnen sich bereits jetzt mit dem BMWK in Verbindung setzen- Dabei werden sie aufgefordert allgemeine Angaben zu ihrem bereits geplanten Vorhaben inklusive eines vorbereitenden Fragebogens einzureichen.<\/span><\/p>\n<p class=\"reader-text-block__paragraph\"><span style=\"font-size: 12pt;\">Auf Basis der eingereichten Informationen, sollen die ersten Gebotsverfahren durchgef\u00fchrt werden. Das bedeutet, wer jetzt seine Projekte einreicht, k\u00f6nnte u.U. noch auf die Ausgestaltung der F\u00f6rderung oder zumindest die F\u00f6rderh\u00f6he, Einfluss nehmen. Wenn also bereits Ideen oder schon konkrete Transformationspl\u00e4ne entstehen, sollten Sie nicht z\u00f6gern. Die ausgef\u00fcllten Formulare samt Anlagen sind bis zum Fristende an die E-Mail-Adresse \u201eklimaschutzvertraege@bmwk.bund.de\u201c zu \u00fcbersenden.<\/span><\/p>\n<h3 class=\"reader-text-block__heading2\">GALLEHR+PARTNER\u00ae beratet Sie gerne bei allen Fragen rund um die Antragstellung sowie Funktionsweise von Klimaschutzvertr\u00e4gen. Bei Fragen k\u00f6nnen Sie sich jederzeit bei uns melden.<\/h3>\n<h3 class=\"reader-text-block__heading2\">GALLEHR+PARTNER\u00ae ist seit 2007 der erfahrene Lotse f\u00fcr die Wirtschaft auf dem Weg zur CO\u2082-Neutralit\u00e4t. Zu dem Kundenstamm von GALLEHR+PARTNER\u00ae geh\u00f6rt eine Vielzahl national und international renommierter Unternehmen. Diese ber\u00e4t und unterst\u00fctzen wir teilweise bis zur vollst\u00e4ndigen eigenverantwortlichen \u00dcbernahme relevanter Prozesse inkl. bei Fragen rund um die Antragstellung zur Strompreiskompensation der deutschen Emissionshandelsstelle (DEHSt).<\/h3>\n<\/div>\n","protected":false},"excerpt":{"rendered":"<p>Klimaschutzvertr\u00e4ge bzw. Carbon Contracts for Difference (CCfD) startet im Sommer 2023. Vorbereitendes Verfahren beginnt am 06. Juni. Am 5. Juni [&hellip;]<\/p>\n","protected":false},"author":17,"featured_media":0,"comment_status":"closed","ping_status":"closed","sticky":false,"template":"","format":"standard","meta":{"footnotes":""},"categories":[180,178],"tags":[761,762,763,764,765,766,656,665,732,746,760],"class_list":["post-86219","post","type-post","status-publish","format-standard","hentry","category-news","category-archiv","tag-foerdermittel","tag-vertragspreis","tag-ausschreibung","tag-dekarbonisierung","tag-gebotsverfahren","tag-vorbereitendes-verfahren","tag-foerderprogramm","tag-transformation","tag-bmwk","tag-ccfd","tag-klimaschutzvertraege"],"_links":{"self":[{"href":"https:\/\/gallehr.flei.dev\/de\/wp-json\/wp\/v2\/posts\/86219","targetHints":{"allow":["GET"]}}],"collection":[{"href":"https:\/\/gallehr.flei.dev\/de\/wp-json\/wp\/v2\/posts"}],"about":[{"href":"https:\/\/gallehr.flei.dev\/de\/wp-json\/wp\/v2\/types\/post"}],"author":[{"embeddable":true,"href":"https:\/\/gallehr.flei.dev\/de\/wp-json\/wp\/v2\/users\/17"}],"replies":[{"embeddable":true,"href":"https:\/\/gallehr.flei.dev\/de\/wp-json\/wp\/v2\/comments?post=86219"}],"version-history":[{"count":0,"href":"https:\/\/gallehr.flei.dev\/de\/wp-json\/wp\/v2\/posts\/86219\/revisions"}],"wp:attachment":[{"href":"https:\/\/gallehr.flei.dev\/de\/wp-json\/wp\/v2\/media?parent=86219"}],"wp:term":[{"taxonomy":"category","embeddable":true,"href":"https:\/\/gallehr.flei.dev\/de\/wp-json\/wp\/v2\/categories?post=86219"},{"taxonomy":"post_tag","embeddable":true,"href":"https:\/\/gallehr.flei.dev\/de\/wp-json\/wp\/v2\/tags?post=86219"}],"curies":[{"name":"wp","href":"https:\/\/api.w.org\/{rel}","templated":true}]}}