{"id":86371,"date":"2023-10-25T11:25:46","date_gmt":"2023-10-25T09:25:46","guid":{"rendered":"https:\/\/gallehr.flei.dev\/?p=86371"},"modified":"2023-10-25T11:26:22","modified_gmt":"2023-10-25T09:26:22","slug":"gallehrpartner-fachtagung-2023-referent-sebastian-bross","status":"publish","type":"post","link":"https:\/\/gallehr.flei.dev\/de\/gallehrpartner-fachtagung-2023-referent-sebastian-bross\/","title":{"rendered":"GALLEHR+PARTNER<sup>&reg;<\/sup> Fachtagung 2023 &#8211; Referent Sebastian Bross"},"content":{"rendered":"<h2>Vorstellungsreihe Fachtagung 2023: Dr. Sebastian Bross &#8211; Salzgitter AG<\/h2>\n<p>In anspruchsvollem Fahrwasser fr\u00fchzeitig die richtigen Entscheidungen treffen. Erst recht auf dem Weg in Richtung Klimaneutralit\u00e4t.<\/p>\n<p>Mit der Vision, sich als f\u00fchrendes Unternehmen der Circular Economy zu etablieren, richtet sich die Salzgitter AG im Rahmen ihrer Strategie \u201eSalzgitter AG 2030\u201c f\u00fcr die Zukunft neu aus. Die internen Ma\u00dfst\u00e4be dabei: Mehr Materialeinsatz aus Kreisl\u00e4ufen, mehr Strombezug aus regenerativen Quellen, mehr eingesparte Tonnen CO2e. Politische, gesellschaftliche und marktwirtschaftliche Str\u00f6mungen stellen dabei neue Anforderungen an die Produkte der Salzgitter AG und k\u00f6nnen als zentraler Ausgangspunkt f\u00fcr diesen Kurswechsel genannt werden.<\/p>\n<p>In verantwortungsvoller Position mit dabei: Unser Referent Dr. Sebastian Bross, Mitglied der Konzerngesch\u00e4ftsleitung der Salzgitter AG, verantwortlich f\u00fcr den Gesch\u00e4ftsbereich Handel.<\/p>\n<p>Als Bindeglied zwischen den individuellen Pr\u00e4ferenzen der Stahlkunden sieht er den eigenen G\u00fcterhandel als wichtigen Treiber der Transformation in Richtung Klimaneutralit\u00e4t. Hier treffen Angebot und Nachfrage zusammen. Was er und die Salzgitter AG auf sich zukommen sehen: Die Nachfrage und damit die Pr\u00e4ferenzen der Stahlg\u00fcter-Konsumenten nach CO2e-armen und ressourcenschonenden Produkten werden sich in Zukunft vom Status quo unterscheiden.<\/p>\n<p>Warum er die Stahlindustrie als \u201eEnabler\u201c der Transformation empfindet sowie wie er klimaorientierte Politik aus der Perspektive des Nachhaltigkeitsdreiecks versteht, thematisiert er unter anderem in seinem Vortrag: \u201eKlimaorientierte Politik als Treiber der Transformation \u2013 Herausforderungen und Chancen im Stahl\u201c.<\/p>\n<p>Wir als GALLEHR+PARTNER\u00ae sind schon sehr gespannt auf Ihre Vortragsinhalte, vielen Dank f\u00fcr Ihre Teilnahme Herr Bross.<\/p>\n<p>&#8212; <a href=\"https:\/\/gallehr.flei.dev\/de\/gallehrpartner-fachtagung-2023\/\" target=\"_blank\" rel=\"noopener\">https:\/\/gallehr.flei.dev\/de\/gallehrpartner-fachtagung-2023\/<\/a> &#8212;<\/p>\n<p>#stahlhandel #inrichtungklimaneutralit\u00e4t #fachveranstaltung2023 #SalzgitterAG #GALLEHRplusPartner<\/p>\n\n<div\n    class='wp-block-pdfp-pdf-poster  alignnone'\n    id='block-1'\n    data-attributes='{&quot;file&quot;:&quot;https:\\\/\\\/gallehr.flei.dev\\\/wordpress\\\/wp-content\\\/uploads\\\/2023\\\/10\\\/2RZ-Galehr-Partner-Fachtagung-Nov.-Dr.-Sebastian-Bross.pdf&quot;,&quot;align&quot;:&quot;none&quot;,&quot;alignment&quot;:&quot;left&quot;,&quot;title&quot;:&quot;&quot;,&quot;titleFontSize&quot;:&quot;16px&quot;,&quot;height&quot;:{&quot;desktop&quot;:&quot;840px&quot;,&quot;tablet&quot;:&quot;700px&quot;,&quot;mobile&quot;:&quot;400px&quot;},&quot;width&quot;:{&quot;desktop&quot;:&quot;100%&quot;,&quot;tablet&quot;:&quot;100%&quot;,&quot;mobile&quot;:&quot;100%&quot;},&quot;showName&quot;:false,&quot;print&quot;:false,&quot;onlyPDF&quot;:false,&quot;defaultBrowser&quot;:false,&quot;downloadButton&quot;:false,&quot;downloadButtonText&quot;:&quot;Download File&quot;,&quot;fullscreenButton&quot;:true,&quot;fullscreenButtonText&quot;:&quot;View Fullscreen&quot;,&quot;actionsPosition&quot;:&quot;top&quot;,&quot;newWindow&quot;:false,&quot;protect&quot;:false,&quot;thumbMenu&quot;:false,&quot;sidebarOpen&quot;:false,&quot;initialPage&quot;:0,&quot;alert&quot;:false,&quot;lastVersion&quot;:false,&quot;hrScroll&quot;:false,&quot;isHideRightToolbar&quot;:false,&quot;additional&quot;:{&quot;ID&quot;:&quot;&quot;,&quot;Class&quot;:&quot;&quot;,&quot;CSS&quot;:&quot;&quot;},&quot;adobeEmbedder&quot;:false,&quot;adobeOptions&quot;:{&quot;showDownloadPDF&quot;:true,&quot;showPrintPDF&quot;:true,&quot;showAnnotationTools&quot;:true,&quot;showFullScreen&quot;:false,&quot;embedMode&quot;:&quot;SIZED_CONTAINER&quot;},&quot;popupOptions&quot;:{&quot;enabled&quot;:false,&quot;triggerType&quot;:&quot;button&quot;,&quot;image&quot;:&quot;&quot;,&quot;imagePdfIcon&quot;:true,&quot;imageHeight&quot;:&quot;200px&quot;,&quot;imageWidth&quot;:&quot;300px&quot;,&quot;text&quot;:&quot;Open PDF&quot;,&quot;btnStyle&quot;:{&quot;background&quot;:&quot;#2271b1&quot;,&quot;color&quot;:&quot;#fff&quot;,&quot;fontSize&quot;:&quot;16px&quot;,&quot;padding&quot;:{&quot;top&quot;:10,&quot;right&quot;:20,&quot;bottom&quot;:10,&quot;left&quot;:10}}},&quot;popupBtnStyle&quot;:{&quot;background&quot;:&quot;#2271b1&quot;,&quot;color&quot;:&quot;#fff&quot;,&quot;padding&quot;:{&quot;top&quot;:10,&quot;right&quot;:20,&quot;bottom&quot;:10,&quot;left&quot;:10}},&quot;popupBtnText&quot;:&quot;Open Document&quot;,&quot;CSS&quot;:&quot;&quot;,&quot;socialShare&quot;:{&quot;enabled&quot;:false,&quot;facebook&quot;:true,&quot;twitter&quot;:true,&quot;linkedin&quot;:true,&quot;pinterest&quot;:true,&quot;position&quot;:&quot;top&quot;},&quot;isPremium&quot;:false}'\n    style=\"text-align: left\">\n            <div class=\"pdfp_loading_placeholder\" style=\"height: 840px; width: 100%; display: flex; align-items: center; justify-content: center; background: #f5f5f5; border: 1px solid #ddd;\">\n             <p>Loading Viewer...<\/p>\n        <\/div>\n    <\/div>\n\n","protected":false},"excerpt":{"rendered":"<p>Vorstellungsreihe Fachtagung 2023: Dr. Sebastian Bross &#8211; Salzgitter AG In anspruchsvollem Fahrwasser fr\u00fchzeitig die richtigen Entscheidungen treffen. Erst recht auf [&hellip;]<\/p>\n","protected":false},"author":17,"featured_media":0,"comment_status":"closed","ping_status":"closed","sticky":false,"template":"","format":"standard","meta":{"footnotes":""},"categories":[180],"tags":[776,770,771,772,773,774,775],"class_list":["post-86371","post","type-post","status-publish","format-standard","hentry","category-news","tag-ghg","tag-emissionen","tag-cradle-to-gate","tag-product-carbon-footprint","tag-scope-3-1","tag-aktivitaetsdaten","tag-emissionsfaktor"],"_links":{"self":[{"href":"https:\/\/gallehr.flei.dev\/de\/wp-json\/wp\/v2\/posts\/86371","targetHints":{"allow":["GET"]}}],"collection":[{"href":"https:\/\/gallehr.flei.dev\/de\/wp-json\/wp\/v2\/posts"}],"about":[{"href":"https:\/\/gallehr.flei.dev\/de\/wp-json\/wp\/v2\/types\/post"}],"author":[{"embeddable":true,"href":"https:\/\/gallehr.flei.dev\/de\/wp-json\/wp\/v2\/users\/17"}],"replies":[{"embeddable":true,"href":"https:\/\/gallehr.flei.dev\/de\/wp-json\/wp\/v2\/comments?post=86371"}],"version-history":[{"count":0,"href":"https:\/\/gallehr.flei.dev\/de\/wp-json\/wp\/v2\/posts\/86371\/revisions"}],"wp:attachment":[{"href":"https:\/\/gallehr.flei.dev\/de\/wp-json\/wp\/v2\/media?parent=86371"}],"wp:term":[{"taxonomy":"category","embeddable":true,"href":"https:\/\/gallehr.flei.dev\/de\/wp-json\/wp\/v2\/categories?post=86371"},{"taxonomy":"post_tag","embeddable":true,"href":"https:\/\/gallehr.flei.dev\/de\/wp-json\/wp\/v2\/tags?post=86371"}],"curies":[{"name":"wp","href":"https:\/\/api.w.org\/{rel}","templated":true}]}}