{"id":86403,"date":"2023-11-08T17:22:13","date_gmt":"2023-11-08T16:22:13","guid":{"rendered":"https:\/\/gallehr.flei.dev\/?p=86403"},"modified":"2025-11-17T17:02:08","modified_gmt":"2025-11-17T16:02:08","slug":"ets-produktbenchmarks-verpflichten-zur-erstellung-von-klimaneutralitaetsplaenen","status":"publish","type":"post","link":"https:\/\/gallehr.flei.dev\/de\/ets-produktbenchmarks-verpflichten-zur-erstellung-von-klimaneutralitaetsplaenen\/","title":{"rendered":"EU-ETS-Produktbenchmarks verpflichten zur Erstellung von Klimaneutralit\u00e4tspl\u00e4nen"},"content":{"rendered":"<h1><strong>EU-<\/strong><strong>Durchf\u00fchrungsverordnung f\u00fcr Pl\u00e4ne zur Klimaneutralit\u00e4t ver\u00f6ffentlicht<br \/>\n<\/strong><\/h1>\n<p style=\"text-align: justify;\">Unternehmen, die Teil des Europ\u00e4ischen Emissionshandelssystems (EU-ETS) sind und f\u00fcr ihren Sektor besonders viel Kohlenstoffdioxid verursachen, sollen nun st\u00e4rker in die Pflicht genommen werden, ihren CO\u2082-Fu\u00dfabdruck zu reduzieren.<\/p>\n<p>Von der Pflicht zur Ver\u00f6ffentlichung der sogenannten Pl\u00e4ne zur Klimaneutralit\u00e4t sind Unternehmen betroffen, welche zu den 20 % mit den h\u00f6chsten spezifischen Treibhausgasemissionen geh\u00f6ren. Identifiziert werden diese Unternehmen durch den Abgleich ihrer individuellen Emissionswerte pro produzierter Produktmenge sowie des sektorspezifischen Benchmarks. Dabei ist das <a href=\"https:\/\/climate.ec.europa.eu\/system\/files\/2021-10\/policy_ets_allowances_bm_curve_factsheets_en.pdf\">80. Perzentil des spezifischen Sektors<\/a> hinzuzuziehen.<\/p>\n<p style=\"text-align: justify;\">Dies sieht die neue <a href=\"https:\/\/eur-lex.europa.eu\/legal-content\/DE\/TXT\/PDF\/?uri=OJ:L_202302441\" target=\"_blank\" rel=\"noopener\">Verordnung (EU) 2023\/2441<\/a> der EU-Kommission vor, welche am 31. Oktober 2023 durch die Kommission angenommen wurde. Sie ist Teil des &#8222;<a href=\"https:\/\/www.consilium.europa.eu\/de\/policies\/green-deal\/fit-for-55-the-eu-plan-for-a-green-transition\/\" target=\"_blank\" rel=\"noopener\">Fit f\u00fcr 55&#8243;<\/a>-Pakets der <a href=\"https:\/\/eur-lex.europa.eu\/legal-content\/DE\/TXT\/PDF\/?uri=CELEX:32003L0087&amp;from=NL\" target=\"_blank\" rel=\"noopener\">EU-Emissionshandel-Richtlinie (2003\/87\/EG)<\/a>. Die Verordnung sieht die Verpflichtung zur Erstellung von konkreten Pl\u00e4nen vor, wie Treibhausgasemissionen in den folgenden Jahren reduziert werden sollen. Dies hat im Rahmen der Klimaneutralit\u00e4tspl\u00e4ne zu erfolgen. M\u00f6gliche Sanktionen bei Nicht-Einhaltung bestehen anhand einer K\u00fcrzung der kostenlosen Zuteilung im Europ\u00e4ischen Emissionshandel i.H.v. 20 % (vgl. Artikel 10a Abs. 1 UAbs. 2 der Richtlinie 2003\/87\/EG gem\u00e4\u00df der 13. \u00c4nderung durch die <a href=\"https:\/\/eur-lex.europa.eu\/legal-content\/DE\/TXT\/PDF\/?uri=CELEX:32023L0959\" target=\"_blank\" rel=\"noopener\">Richtlinie (EU) 2023\/959<\/a>).<\/p>\n<p style=\"text-align: justify;\">Die zus\u00e4tzliche Erstellung von Klimaneutralit\u00e4tspl\u00e4nen ist aufwendig und Unternehmen, die fr\u00fch in eine Verbesserung ihrer Klimabilanz investiert haben, m\u00fcssen keine Belastung f\u00fcrchten. Ihnen werden kostenlose Zuteilungen wie bisher zugeteilt.<\/p>\n<hr \/>\n<p><strong><span style=\"color: #b01419;\">Hinweis:<\/span><\/strong><\/p>\n<p>GALLEHR+PARTNER<sup>\u00ae<\/sup> kann Sie bei Bedarf gerne bei der \u00dcberpr\u00fcfung Ihrer produktspezifischen Emissionen in Kontext der Klimaneutralit\u00e4tspl\u00e4ne unterst\u00fctzen. Sprechen Sie uns einfach <a href=\"https:\/\/gallehr.flei.dev\/de\/kontakt\/\">hier<\/a> direkt an.<\/p>\n<hr \/>\n<h2>Wer ist betroffen?<\/h2>\n<p style=\"text-align: justify;\">Die EU-Kommission hat die <a href=\"https:\/\/climate.ec.europa.eu\/system\/files\/2021-10\/policy_ets_allowances_bm_curve_factsheets_en.pdf\">80. Perzentile spezifischer Sektoren<\/a> ver\u00f6ffentlicht. In jedem Sektor wurde die Kohlenstoffdioxiderzeugung pro erzeugter Produktionsmasse [t CO\u2082\/t Produkt] aller Unternehmen zusammengetragen. Das 80. Perzentil ist der Wert, unter dem 80 % der Unternehmen liegen. In der folgenden Tabelle wurden diese spezifischen Benchmarkwerte zusammengetragen.<\/p>\n<p style=\"text-align: justify;\">\n<div\n    class='wp-block-pdfp-pdf-poster  alignnone'\n    id='block-1'\n    data-attributes='{&quot;file&quot;:&quot;https:\\\/\\\/gallehr.flei.dev\\\/wordpress\\\/wp-content\\\/uploads\\\/2023\\\/11\\\/80-Prozent-Quantil-ETS-Benchmark-3.pdf&quot;,&quot;align&quot;:&quot;none&quot;,&quot;alignment&quot;:&quot;left&quot;,&quot;title&quot;:&quot;&quot;,&quot;titleFontSize&quot;:&quot;16px&quot;,&quot;height&quot;:{&quot;desktop&quot;:&quot;840px&quot;,&quot;tablet&quot;:&quot;700px&quot;,&quot;mobile&quot;:&quot;400px&quot;},&quot;width&quot;:{&quot;desktop&quot;:&quot;100%&quot;,&quot;tablet&quot;:&quot;100%&quot;,&quot;mobile&quot;:&quot;100%&quot;},&quot;showName&quot;:false,&quot;print&quot;:false,&quot;onlyPDF&quot;:false,&quot;defaultBrowser&quot;:false,&quot;downloadButton&quot;:false,&quot;downloadButtonText&quot;:&quot;Download File&quot;,&quot;fullscreenButton&quot;:true,&quot;fullscreenButtonText&quot;:&quot;View Fullscreen&quot;,&quot;actionsPosition&quot;:&quot;top&quot;,&quot;newWindow&quot;:false,&quot;protect&quot;:false,&quot;thumbMenu&quot;:false,&quot;sidebarOpen&quot;:false,&quot;initialPage&quot;:0,&quot;alert&quot;:false,&quot;lastVersion&quot;:false,&quot;hrScroll&quot;:false,&quot;isHideRightToolbar&quot;:false,&quot;additional&quot;:{&quot;ID&quot;:&quot;&quot;,&quot;Class&quot;:&quot;&quot;,&quot;CSS&quot;:&quot;&quot;},&quot;adobeEmbedder&quot;:false,&quot;adobeOptions&quot;:{&quot;showDownloadPDF&quot;:true,&quot;showPrintPDF&quot;:true,&quot;showAnnotationTools&quot;:true,&quot;showFullScreen&quot;:false,&quot;embedMode&quot;:&quot;SIZED_CONTAINER&quot;},&quot;popupOptions&quot;:{&quot;enabled&quot;:false,&quot;triggerType&quot;:&quot;button&quot;,&quot;image&quot;:&quot;&quot;,&quot;imagePdfIcon&quot;:true,&quot;imageHeight&quot;:&quot;200px&quot;,&quot;imageWidth&quot;:&quot;300px&quot;,&quot;text&quot;:&quot;Open PDF&quot;,&quot;btnStyle&quot;:{&quot;background&quot;:&quot;#2271b1&quot;,&quot;color&quot;:&quot;#fff&quot;,&quot;fontSize&quot;:&quot;16px&quot;,&quot;padding&quot;:{&quot;top&quot;:10,&quot;right&quot;:20,&quot;bottom&quot;:10,&quot;left&quot;:10}}},&quot;popupBtnStyle&quot;:{&quot;background&quot;:&quot;#2271b1&quot;,&quot;color&quot;:&quot;#fff&quot;,&quot;padding&quot;:{&quot;top&quot;:10,&quot;right&quot;:20,&quot;bottom&quot;:10,&quot;left&quot;:10}},&quot;popupBtnText&quot;:&quot;Open Document&quot;,&quot;CSS&quot;:&quot;&quot;,&quot;socialShare&quot;:{&quot;enabled&quot;:false,&quot;facebook&quot;:true,&quot;twitter&quot;:true,&quot;linkedin&quot;:true,&quot;pinterest&quot;:true,&quot;position&quot;:&quot;top&quot;},&quot;isPremium&quot;:false}'\n    style=\"text-align: left\">\n            <div class=\"pdfp_loading_placeholder\" style=\"height: 840px; width: 100%; display: flex; align-items: center; justify-content: center; background: #f5f5f5; border: 1px solid #ddd;\">\n             <p>Loading Viewer...<\/p>\n        <\/div>\n    <\/div>\n<p style=\"text-align: justify;\">Falls ein Unternehmen mehr CO\u2082 pro Produktionsmasse erzeugt als dieser Benchmarkwert angibt, muss es k\u00fcnftig konkrete Pl\u00e4ne zur Erreichung von Klimaneutralit\u00e4t vorlegen. Wollen diese Unternehmen weiterhin kostenlose Zuteilungen von Emissionszertifikaten erhalten, m\u00fcssen sie diese Pl\u00e4ne, mit dem Ziel der Klimaneutralit\u00e4t 2050, in geregelter Form erstellen.<\/p>\n<h2>Was ist der Inhalt?<\/h2>\n<p style=\"text-align: justify;\">Der <a href=\"https:\/\/ec.europa.eu\/info\/law\/better-regulation\/have-your-say\/initiatives\/13911-Emissions-trading-system-climate-neutrality-plan-for-installations-under-ETS-in-response-to-ETS-revision-Fit-for-55_de\" target=\"_blank\" rel=\"noopener\">Anhang<\/a> des Entwurfs regelt die Mindestinhalte dieses Klimaneutralit\u00e4tsplans. Neben allgemeinen Informationen und Genehmigungskennungen m\u00fcssen Angaben \u00fcber die historischen Emissionen spezifisch f\u00fcr die Aktivit\u00e4tsniveaus jedes vergangenen Jahres und jeder Teilanlage mitaufgenommen werden. Weiterhin ist eine ausf\u00fchrliche Beschreibung der Ma\u00dfnahmen und Investitionen, sowie der konkreten Etappen- und Emissionsziele bis 2025 oder in den darauf folgenden F\u00fcnfjahreszeitr\u00e4umen zu erstellen, aus denen der Weg zur Erreichung der Klimaneutralit\u00e4t ersichtlich wird. Die Erreichung der Ziele soll u.a. durch die Beschreibung der erwarteten Auswirkungen garantiert werden.<\/p>\n<p style=\"text-align: justify;\">Diese Auswirkungen sollen in folgende Kategorien eingeteilt werden:<\/p>\n<ul>\n<li style=\"text-align: justify;\">Umstellung auf emissionsarme oder -freie Technologien<\/li>\n<li style=\"text-align: justify;\">Energieeffizienz und Energieverbrauchsminderungen<\/li>\n<li style=\"text-align: justify;\">Umstellung von fossilen Brennstoffen auf:\n<ul>\n<li>Wasserstoff<\/li>\n<li>Elektrizit\u00e4t (auch wie der Einbezug aus erneuerbaren Quellen gef\u00f6rdert wird)<\/li>\n<li>Nachhaltige Biomasse (gem\u00e4\u00df Artikel 38 Absatz 5 der Durchf\u00fchrungsverordnung (EU) 2018\/2066)<\/li>\n<li>Alternative Kraftstoffe aus Abfallstr\u00f6men<\/li>\n<li>Andere Quellen erneuerbarer Energie<\/li>\n<\/ul>\n<\/li>\n<li style=\"text-align: justify;\">Ressourceneffizienz, einschlie\u00dflich des Recyclings und der Verringerung des Materialverbrauchs<\/li>\n<li style=\"text-align: justify;\">Abscheidung, Nutzung und Speicherung von CO\u2082 (<a href=\"https:\/\/www.klimaschutz-industrie.de\/themen\/technologien-und-querschnittsthemen\/ccu-technologie\/\" target=\"_blank\" rel=\"noopener\">CCU\/CCS<\/a>)<\/li>\n<\/ul>\n<h2>Das Streben nach Klimaneutralit\u00e4t<\/h2>\n<p style=\"text-align: justify;\">Nach einem F\u00fcnfjahreszeitraum sind es unter Umst\u00e4nden andere Unternehmen, die am st\u00e4rksten emittieren und somit zur Erstellung von Klimaneutralit\u00e4tspl\u00e4nen verpflichtet sind, sofern sie weiterhin kostenlose Emissionszertifikate erhalten wollen.<\/p>\n<p style=\"text-align: justify;\">Das f\u00f6rdert das Streben eines Unternehmens, Emissionsreduktionen zu erreichen. Weiterhin gelingt eine THG-Minderung in allen Sektoren, da die st\u00e4rksten Emittenten in jedem Sektor nun dazu gedr\u00e4ngt werden, konkrete und realistische Klimaneutralit\u00e4tspl\u00e4ne zu erstellen. Auf kostenlose Zuteilungen von Emissionszertifikaten zu verzichten, w\u00fcrde einen gro\u00dfen finanziellen Schaden mit sich ziehen.<\/p>\n<p style=\"text-align: justify;\">Die Anzahl an Emissionszertifikaten sowie der Anteil an kostenlosen Zuteilungen werden in den folgenden Jahren sukzessiv reduziert und soll langfristig durch die <a href=\"https:\/\/gallehr.flei.dev\/de\/eu-rat-winkt-cbam-durch\/\">CBAM<\/a>, dem Carbon Border Adjustment Mechanism zur Vermeidung von <a href=\"https:\/\/www.europarl.europa.eu\/news\/de\/headlines\/society\/20210303STO99110\/carbon-leakage-unternehmen-daran-hindern-emissionsvorschriften-zu-umgehen\" target=\"_blank\" rel=\"noopener\">Carbon Leakage<\/a>, als Klimaschutzinstrument abgel\u00f6st werden.<\/p>\n<h2>Transparenz mit Datenschutz<\/h2>\n<p style=\"text-align: justify;\">Bereits im fr\u00fchen Entwurf der Durchf\u00fchrungsverordnung wurde die Ver\u00f6ffentlichung der Klimaneutralit\u00e4tspl\u00e4ne beschlossen. Dies wurde aus Gr\u00fcnden der Transparenz getroffen. Unternehmen sollen einsehen k\u00f6nnen, welche Ma\u00dfnahmen andere Unternehmen ergreifen, um diese eventuell f\u00fcr sich adaptieren zu k\u00f6nnen. Weiterhin hilft es Unternehmen bei dem Aufbau, der Protokollierung und der Berechnungsmethodik. Der Schutz sensibler Daten wird \u00fcber Beantragungen zur teilweisen Unterlassung der Ver\u00f6ffentlichung gew\u00e4hrt. Der Abgleich mit dem Vorgehen \u00e4hnlicher Betriebe ist ein wichtiger Aspekt zur Erreichung der gesamtgesellschaftlichen Herausforderung der Dekarbonisierung. Abzuwarten bleibt die Ver\u00f6ffentlichung der angek\u00fcndigten Plattform zur Ver\u00f6ffentlichung der Klimaneutralit\u00e4tspl\u00e4ne.<\/p>\n<p>&nbsp;<\/p>\n<hr \/>\n<h2>Bei Fragen stehen wir Ihnen gerne zur <span style=\"color: #b01419;\">Verf\u00fcgung<\/span>.<\/h2>\n<h3><strong>Weitere Informationen finden Sie auf unserer <a href=\"https:\/\/gallehr.flei.dev\/leistungen\/verpflichtender-emissionshandel-eu-und-de\/\" target=\"_blank\" rel=\"noopener\">Homepage<\/a> sowie in unserem <a href=\"https:\/\/gallehr.flei.dev\/news\/\" target=\"_blank\" rel=\"noopener\">Newsletter<\/a>.<\/strong><\/h3>\n<h3><strong>Folgende weitere T\u00e4tigkeiten f\u00fchren wir in diesem Umfeld gerne f\u00fcr Sie durch:<\/strong><\/h3>\n<ul>\n<li><a href=\"https:\/\/gallehr.flei.dev\/leistungen\/klima-und-csr-strategie\/\" target=\"_blank\" rel=\"noopener\">Erstellung von f\u00f6rderf\u00e4higen Transformationskonzepten inkl. Zielentwicklung, Strategieentwicklung und Managementberatung zur wirksamen Zielerreichung<\/a><\/li>\n<li><a href=\"https:\/\/gallehr.flei.dev\/leistungen\/\" target=\"_blank\" rel=\"noopener\">Unterst\u00fctzungsarbeit bei der Antragstellung auf Strompreiskompensation\u00a0 <\/a><\/li>\n<li><a href=\"https:\/\/gallehr.flei.dev\/de\/leistungen\/verpflichtender-emissionshandel-eu-und-de\/\" target=\"_blank\" rel=\"noopener\">BEHG-Carbon-Leakage Verordnung (BECV) \u2013 Beantragung<\/a><\/li>\n<li><a href=\"https:\/\/gallehr.flei.dev\/de\/leistungen\/klima-und-csr-strategie\/\" target=\"_blank\" rel=\"noopener\">Wirtschaftlichkeitsbewertung von Energieeffizienzma\u00dfnahmen nach DIN EN 17463 \u2013 VALERI<\/a><\/li>\n<li><a href=\"https:\/\/gallehr.flei.dev\/leistungen\/managementsysteme\/\" target=\"_blank\" rel=\"noopener\">Entwicklung, Einf\u00fchrung und Betrieb von Energie-, Umwelt- und Klimamanagementsystemen<\/a><\/li>\n<\/ul>\n<p class=\"reader-text-block__heading2\"><strong>GALLEHR+PARTNER<sup>\u00ae<\/sup> ist seit 2007 der erfahrene Lotse f\u00fcr die Wirtschaft auf dem Weg zur CO\u2082-Neutralit\u00e4t. Zu dem Kundenstamm von GALLEHR+PARTNER<sup>\u00ae<\/sup> geh\u00f6rt eine Vielzahl national und international renommierter Unternehmen. Diese beraten und unterst\u00fctzen wir teilweise bis zur vollst\u00e4ndigen eigenverantwortlichen \u00dcbernahme relevanter Prozesse.<\/strong><\/p>\n","protected":false},"excerpt":{"rendered":"<p>EU-Durchf\u00fchrungsverordnung f\u00fcr Pl\u00e4ne zur Klimaneutralit\u00e4t ver\u00f6ffentlicht Unternehmen, die Teil des Europ\u00e4ischen Emissionshandelssystems (EU-ETS) sind und f\u00fcr ihren Sektor besonders viel [&hellip;]<\/p>\n","protected":false},"author":17,"featured_media":0,"comment_status":"closed","ping_status":"closed","sticky":false,"template":"","format":"standard","meta":{"footnotes":""},"categories":[180,178],"tags":[],"class_list":["post-86403","post","type-post","status-publish","format-standard","hentry","category-news","category-archiv"],"_links":{"self":[{"href":"https:\/\/gallehr.flei.dev\/de\/wp-json\/wp\/v2\/posts\/86403","targetHints":{"allow":["GET"]}}],"collection":[{"href":"https:\/\/gallehr.flei.dev\/de\/wp-json\/wp\/v2\/posts"}],"about":[{"href":"https:\/\/gallehr.flei.dev\/de\/wp-json\/wp\/v2\/types\/post"}],"author":[{"embeddable":true,"href":"https:\/\/gallehr.flei.dev\/de\/wp-json\/wp\/v2\/users\/17"}],"replies":[{"embeddable":true,"href":"https:\/\/gallehr.flei.dev\/de\/wp-json\/wp\/v2\/comments?post=86403"}],"version-history":[{"count":0,"href":"https:\/\/gallehr.flei.dev\/de\/wp-json\/wp\/v2\/posts\/86403\/revisions"}],"wp:attachment":[{"href":"https:\/\/gallehr.flei.dev\/de\/wp-json\/wp\/v2\/media?parent=86403"}],"wp:term":[{"taxonomy":"category","embeddable":true,"href":"https:\/\/gallehr.flei.dev\/de\/wp-json\/wp\/v2\/categories?post=86403"},{"taxonomy":"post_tag","embeddable":true,"href":"https:\/\/gallehr.flei.dev\/de\/wp-json\/wp\/v2\/tags?post=86403"}],"curies":[{"name":"wp","href":"https:\/\/api.w.org\/{rel}","templated":true}]}}