{"id":86470,"date":"2023-12-11T15:48:43","date_gmt":"2023-12-11T14:48:43","guid":{"rendered":"https:\/\/gallehr.flei.dev\/?p=86470"},"modified":"2025-05-08T15:35:31","modified_gmt":"2025-05-08T13:35:31","slug":"entwurf-der-neuen-zuteilungsverordnung-durch-europaeische-kommission-veroeffentlicht","status":"publish","type":"post","link":"https:\/\/gallehr.flei.dev\/de\/entwurf-der-neuen-zuteilungsverordnung-durch-europaeische-kommission-veroeffentlicht\/","title":{"rendered":"EU-ETS-News: Entwurf der neuen Zuteilungsverordnung durch Europ\u00e4ische Kommission ver\u00f6ffentlicht"},"content":{"rendered":"<h1><strong>\u00c4nderungsvorschl\u00e4ge zur Anpassung der freien Zuteilung im EU-Emissionshandel: \u00c4nderungsvorschl\u00e4ge bis zum 2. Januar m\u00f6glich<br \/>\n<\/strong><\/h1>\n<p><span style=\"font-size: 12pt;\">Am 5. Dezember ver\u00f6ffentlichte die <a href=\"https:\/\/ec.europa.eu\/info\/law\/better-regulation\/have-your-say\/initiatives\/13861-EU-Emissionshandelssystem-EHS-Aktualisierung-der-Vorschriften-fur-die-kostenlose-Zuteilung_de\" target=\"_blank\" rel=\"noopener\">Europ\u00e4ische Kommission<\/a> einen wichtigen Entwurf zur <a href=\"https:\/\/ec.europa.eu\/info\/law\/better-regulation\/have-your-say\/initiatives\/13861-EU-Emissionshandelssystem-EHS-Aktualisierung-der-Vorschriften-fur-die-kostenlose-Zuteilung_de\" target=\"_blank\" rel=\"noopener\">\u00c4nderung der freien Zuteilung von Emissionsrechten<\/a> im <a href=\"https:\/\/gallehr.flei.dev\/de\/leistungen\/verpflichtender-emissionshandel-eu-und-de\/\" target=\"_blank\" rel=\"noopener\">EU-Emissionshandelssystem.<\/a> Dieser Entwurf bildet die kommende Zuteilungsverordnung f\u00fcr die zweite H\u00e4lfte der vierten Handelsperiode, welche von 2026 an bis 2030 andauern wird. Die Zuteilungsantr\u00e4ge f\u00fcr diesen Teil der 4. HP werden nach Informationen von <a href=\"https:\/\/gallehr.flei.dev\/de\/\" target=\"_blank\" rel=\"noopener\">GALLEHR+PARTNER\u00ae<\/a> voraussichtlich bis Ende Mai 2024 bei der nationalen <a href=\"https:\/\/www.dehst.de\/DE\/startseite\/startseite-node.html\" target=\"_blank\" rel=\"noopener\">Emissionshandelsstelle DEHSt<\/a> eingereicht werden m\u00fcssen. Die Zuteilung von kostenlosen Emissionshandels-Zertifikaten zielt darauf ab, Anreize f\u00fcr die Reduzierung von Treibhausgasemissionen zu setzen und gleichzeitig die Wettbewerbsf\u00e4higkeit der europ\u00e4ischen Industrie im Rahmen von Carbon Leakage zu f\u00f6rdern. Die wichtigsten \u00c4nderungen, die von der F\u00f6rderung von Innovationen \u00fcber die Elektrifizierung von Produktionsprozessen bis hin zu spezifischen Anforderungen f\u00fcr Klimaneutralit\u00e4tspl\u00e4ne reichen, finden Sie in dieser Zusammenfassung f\u00fcr Sie zusammengestellt.<\/span><\/p>\n<hr \/>\n<p><span style=\"font-size: 12pt;\"><strong><span style=\"color: #b01419;\">Hinweis<\/span>:<\/strong><\/span><\/p>\n<p><span style=\"font-size: 12pt;\">Sollten Sie Fragen zu den geplanten \u00c4nderungen haben oder Unterst\u00fctzung bei der Formulierung und Einreichung von \u00c4nderungsvorschl\u00e4gen ben\u00f6tigen, steht Ihnen <a href=\"https:\/\/gallehr.flei.dev\/de\/\" target=\"_blank\" rel=\"noopener\">GALLEHR+PARTNER\u00ae<\/a> gerne zur Verf\u00fcgung. Unser Team von Experten kann Ihnen detaillierte Einblicke und Beratung bieten, um sicherzustellen, dass Ihre Interessen und Bedenken angemessen ber\u00fccksichtigt werden. Z\u00f6gern Sie nicht, uns f\u00fcr weitere <a href=\"https:\/\/gallehr.flei.dev\/de\/leistungen\/verpflichtender-emissionshandel-eu-und-de\/\" target=\"_blank\" rel=\"noopener\">Informationen<\/a> oder <a href=\"https:\/\/gallehr.flei.dev\/de\/leistungen\/verpflichtender-emissionshandel-eu-und-de\/\" target=\"_blank\" rel=\"noopener\">Unterst\u00fctzung<\/a> zu kontaktieren.<\/span><\/p>\n<hr \/>\n<h3><strong><span style=\"font-size: 14pt;\">Geplante \u00c4nderungen der freien Zuteilung des EU-Emissionshandels ab 2026<\/span><\/strong><\/h3>\n<p>Die neue Zuteilungsverordnung k\u00f6nnen Sie auf der folgenden Seite einsehen: <a href=\"https:\/\/ec.europa.eu\/info\/law\/better-regulation\/have-your-say\/initiatives\/13861-EU-Emissionshandelssystem-EHS-Aktualisierung-der-Vorschriften-fur-die-kostenlose-Zuteilung_de\" target=\"_blank\" rel=\"noopener\">https:\/\/ec.europa.eu\/info<\/a><\/p>\n<h4><strong><span style=\"font-size: 12pt;\">1. Median als Berechnungsgrundlage<\/span><\/strong><\/h4>\n<p><span style=\"font-size: 12pt;\">Die Europ\u00e4ische Kommission plant, die Berechnung der historischen Aktivit\u00e4tsrate im Rahmen der freien Zuteilung von Emissionsrechten zu \u00e4ndern. Ziel ist es, den Median f\u00fcr die Berechnung zu verwenden, um \u00f6konomische Schwankungen weniger stark zu gewichten und somit eine gerechtere und stabilere Grundlage f\u00fcr die Zuteilung zu schaffen.<\/span><\/p>\n<h4><strong><span style=\"font-size: 12pt;\">2. F\u00f6rderung von Leistungstr\u00e4gern und Innovationen<\/span><\/strong><\/h4>\n<p><span style=\"font-size: 12pt;\">Geplant ist, Anlagen, deren Treibhausgasemissionen unter dem Durchschnitt der 10 % effizientesten Anlagen einer bestimmten Benchmark liegen, vom sektor\u00fcbergreifenden Korrekturfaktor zu befreien. Diese Ma\u00dfnahme soll effiziente und innovative Technologien im Bereich des Klimaschutzes belohnen.<\/span><\/p>\n<h4><strong><span style=\"font-size: 12pt;\">3. Anregung zur Elektrifizierung von Produktionsprozessen<\/span><\/strong><\/h4>\n<p><span style=\"font-size: 12pt;\">Ein wichtiger Bestandteil des Entwurfs ist der vorgesehene Wegfall des Umrechnungsfaktors f\u00fcr Produktbenchmarks bei festgestellter Austauschbarkeit von Brennstoffen und Strom. Dies soll die Elektrifizierung emissionsintensiver Prozesse f\u00f6rdern und die Zuteilungen f\u00fcr solche Anlagen erh\u00f6hen.<\/span><\/p>\n<h4><strong><span style=\"font-size: 12pt;\">4. Prozessemissionen Senkung von 97% auf 91%<\/span><\/strong><\/h4>\n<p><span style=\"font-size: 12pt;\">In Bereichen, in denen eine Reduzierung der Emissionen schwierig ist, soll die kostenlose Zuteilung f\u00fcr Prozessemissionen, die nicht von Produktbenchmarks abgedeckt sind, von 97 % auf 91 % gesenkt werden. Diese \u00c4nderung ist ab dem 1. Januar 2028 vorgesehen.<\/span><\/p>\n<h4><strong><span style=\"font-size: 12pt;\">5. Konkretisierung \u00f6kologischer Gegenleistungen<\/span><\/strong><\/h4>\n<p><span style=\"font-size: 12pt;\">Es ist vorgesehen, dass Anlagenbetreiber, die Energieaudits durchf\u00fchren oder ein Energiemanagementsystem betreiben, die Umsetzung empfohlener Energieeffizienzma\u00dfnahmen verifizieren m\u00fcssen. Auch hier sind Ausnahmen geplant, und vers\u00e4umte Ma\u00dfnahmen k\u00f6nnen nachgeholt werden, um K\u00fcrzungen der Zuteilung auszugleichen.<\/span><\/p>\n<h4><strong><span style=\"font-size: 12pt;\">6. Vorgaben f\u00fcr Klimaneutralit\u00e4tspl\u00e4ne<\/span><\/strong><\/h4>\n<p><span style=\"font-size: 12pt;\">Anlagen mit Treibhausgasemissionen \u00fcber dem 80. Perzentil der Emissionswerte relevanter Produkt-Benchmarks sollen bis zum 1. Mai 2024 Klimaneutralit\u00e4tspl\u00e4ne erstellen und bis zum 30. Mai 2024 einreichen. Diese Regelung soll nicht f\u00fcr kleine Teilanlagen gelten, die weniger als 20 % der gesamten vorl\u00e4ufigen kostenlosen Zuteilung der Anlage ausmachen.<\/span><\/p>\n<h4><strong><span style=\"font-size: 12pt;\">7. Geplante \u00c4nderungen des Produktbenchmarks<\/span><\/strong><\/h4>\n<p><span style=\"font-size: 12pt;\">Der Entwurf umfasst \u00c4nderungen bei einer Vielzahl von Produkt-Benchmarks, darunter Eisenerz, fl\u00fcssiges Roheisen, Grau- und Wei\u00dfzementklinker, Tissuepapier, Soda, Raffinerieprodukte, im Elektrolichtbogenverfahren gewonnener Kohlenstoffstahl und hochlegierter Stahl, Eisenguss, Mineralwolle, Gipskarton, Industrieru\u00df, Ammoniak, Steamcracken, Aromaten, Styrol, Wasserstoff, Synthesegas, Ethylenoxid und Ethylenglycole.<\/span><\/p>\n<h4><strong><span style=\"font-size: 12pt;\">8. \u00c4nderungsvorschl\u00e4ge bis zum 2. Januar 2024 einreichbar<\/span><\/strong><\/h4>\n<p><span style=\"font-size: 12pt;\">Die vorgestellten \u00c4nderungen im EU-Emissionshandelssystem sind Teil eines umfassenden Bem\u00fchens, den Klimaschutz zu st\u00e4rken und die Industrie auf eine nachhaltigere Zukunft auszurichten. Es ist wichtig zu beachten, dass es sich hierbei um einen Entwurf handelt und Interessierte bis zum 2. Januar 2024 die M\u00f6glichkeit haben, <a href=\"https:\/\/ec.europa.eu\/info\/law\/better-regulation\/have-your-say\/initiatives\/13861-EU-Emissionshandelssystem-EHS-Aktualisierung-der-Vorschriften-fur-die-kostenlose-Zuteilung_de\">\u00c4nderungsvorschl\u00e4ge einzureichen<\/a>. Dies bietet Unternehmen und Stakeholdern eine wertvolle Gelegenheit, Einfluss auf die endg\u00fcltige Gestaltung der Richtlinien zu nehmen.<\/span><\/p>\n<p><span style=\"font-size: 12pt;\">\u00a0<\/span><\/p>\n<hr \/>\n<h3 class=\"reader-text-block__heading2\"><span style=\"color: #b01419;\">Bei Fragen stehen wir Ihnen gerne zur Verf\u00fcgung. <\/span><a href=\"https:\/\/gallehr.flei.dev\/de\/kontakt\/\">Sprechen Sie uns gerne direkt an.<\/a><\/h3>\n<p class=\"reader-text-block__heading2\"><strong><span style=\"font-size: 14pt;\">GALLEHR+PARTNER<sup>\u00ae<\/sup> ist seit 2007 der erfahrene Lotse f\u00fcr die Wirtschaft auf dem Weg zur CO\u2082-Neutralit\u00e4t. Zu dem Kundenstamm von GALLEHR+PARTNER<sup>\u00ae<\/sup> geh\u00f6rt eine Vielzahl national und international renommierter Unternehmen. Diese ber\u00e4t und unterst\u00fctzen wir teilweise bis zur vollst\u00e4ndigen eigenverantwortlichen \u00dcbernahme relevanter Prozesse inkl. bei Fragen rund um die Antragstellung zur Strompreiskompensation der deutschen Emissionshandelsstelle (DEHSt).<\/span><\/strong><\/p>\n","protected":false},"excerpt":{"rendered":"<p>\u00c4nderungsvorschl\u00e4ge zur Anpassung der freien Zuteilung im EU-Emissionshandel: \u00c4nderungsvorschl\u00e4ge bis zum 2. Januar m\u00f6glich Am 5. Dezember ver\u00f6ffentlichte die Europ\u00e4ische [&hellip;]<\/p>\n","protected":false},"author":2,"featured_media":0,"comment_status":"closed","ping_status":"closed","sticky":false,"template":"","format":"standard","meta":{"footnotes":""},"categories":[837,180,178],"tags":[784,785,787,265,298,325,782,783],"class_list":["post-86470","post","type-post","status-publish","format-standard","hentry","category-emissionshandel","category-news","category-archiv","tag-eu-ehs","tag-zuteilungsantraege","tag-entwurf","tag-eu-ets","tag-ehs","tag-ets","tag-2019-331","tag-freie-zuteilung"],"_links":{"self":[{"href":"https:\/\/gallehr.flei.dev\/de\/wp-json\/wp\/v2\/posts\/86470","targetHints":{"allow":["GET"]}}],"collection":[{"href":"https:\/\/gallehr.flei.dev\/de\/wp-json\/wp\/v2\/posts"}],"about":[{"href":"https:\/\/gallehr.flei.dev\/de\/wp-json\/wp\/v2\/types\/post"}],"author":[{"embeddable":true,"href":"https:\/\/gallehr.flei.dev\/de\/wp-json\/wp\/v2\/users\/2"}],"replies":[{"embeddable":true,"href":"https:\/\/gallehr.flei.dev\/de\/wp-json\/wp\/v2\/comments?post=86470"}],"version-history":[{"count":0,"href":"https:\/\/gallehr.flei.dev\/de\/wp-json\/wp\/v2\/posts\/86470\/revisions"}],"wp:attachment":[{"href":"https:\/\/gallehr.flei.dev\/de\/wp-json\/wp\/v2\/media?parent=86470"}],"wp:term":[{"taxonomy":"category","embeddable":true,"href":"https:\/\/gallehr.flei.dev\/de\/wp-json\/wp\/v2\/categories?post=86470"},{"taxonomy":"post_tag","embeddable":true,"href":"https:\/\/gallehr.flei.dev\/de\/wp-json\/wp\/v2\/tags?post=86470"}],"curies":[{"name":"wp","href":"https:\/\/api.w.org\/{rel}","templated":true}]}}