{"id":86686,"date":"2024-03-08T15:58:49","date_gmt":"2024-03-08T14:58:49","guid":{"rendered":"https:\/\/gallehr.flei.dev\/?p=86686"},"modified":"2024-09-09T10:27:46","modified_gmt":"2024-09-09T08:27:46","slug":"wir-suchen-sie-als-industrieberaterin-w-m-d-klimaneutralitaet-2","status":"publish","type":"post","link":"https:\/\/gallehr.flei.dev\/de\/wir-suchen-sie-als-industrieberaterin-w-m-d-klimaneutralitaet-2\/","title":{"rendered":"Wir suchen Sie als Industrieberaterin (w\/m\/d) Klimaneutralit\u00e4t"},"content":{"rendered":"<h1><strong>Werden Sie Teil der Familie, willkommen bei GALLEHR+PARTNER<sup>\u00ae<\/sup><\/strong><\/h1>\n<p>M\u00f6chten Sie Ihre Ideen in <strong>zukunftsf\u00e4hige L\u00f6sungen f\u00fcr Unternehmen<\/strong> verwandeln? M\u00f6chten Sie <strong>Industrieunternehmen auf ihrem Weg in eine klimaneutrale, kreislaufwirtschaftliche und erneuerbare Zukunft<\/strong> unterst\u00fctzen?<\/p>\n<p>Egal, ob es um <a href=\"https:\/\/gallehr.flei.dev\/de\/leistungen\/\" target=\"_blank\" rel=\"noopener\"><strong>Treibhausgasbilanzierung (CO<sub>2<\/sub> Fussabdr\u00fccke), Energieeffizienz, Energie- und Klimamanagement<\/strong><\/a> geht oder<\/p>\n<p>&#8211; vielleicht noch spannender f\u00fcr Sie &#8211;<\/p>\n<p>um in Kombination dieser Themen zur <a href=\"https:\/\/gallehr.flei.dev\/de\/leistungen\/klima-und-csr-strategie\/\" target=\"_blank\" rel=\"noopener\"><strong>Begleitung unserer Kunden auf dem Weg Richtung Klimaneutralit\u00e4t<\/strong><\/a>?<\/p>\n<h3 class=\"western\">Wir suchen Sie als<\/h3>\n<h2 class=\"western\"><b>Industrieberaterin (w\/m\/d) Klimaneutralit\u00e4t <\/b><\/h2>\n<p>Bei uns haben Sie die M\u00f6glichkeit, <a href=\"https:\/\/gallehr.flei.dev\/de\/referenzen\/\" target=\"_blank\" rel=\"noopener\"><strong>international agierenden Industrieunternehmen<\/strong><\/a> zu helfen, eine der dr\u00e4ngendsten Herausforderungen unserer Zeit zu bew\u00e4ltigen: <strong>fit zu werden f\u00fcr eine klimaneutrale und ressourceneffiziente Zukunft<\/strong>.<\/p>\n<p><img decoding=\"async\" class=\"aligncenter wp-image-85035 size-medium\" src=\"https:\/\/gallehr.flei.dev\/wordpress\/wp-content\/uploads\/2021\/02\/Zusammen-300x225.png\" alt=\"Mitarbeitersuche Jobangebot Industrieberater:in (w\/m\/d) Klimaneutralit\u00e4t bei GALLEHR+PARTNER(R)\" width=\"300\" height=\"225\" srcset=\"https:\/\/gallehr.flei.dev\/wp-content\/uploads\/2021\/02\/Zusammen-300x225.png 300w, https:\/\/gallehr.flei.dev\/wp-content\/uploads\/2021\/02\/Zusammen.png 640w\" sizes=\"(max-width: 300px) 100vw, 300px\" \/><\/p>\n<h2>Ihre Aufgaben<\/h2>\n<ul>\n<li><strong>In die Praxis eintauchen:<\/strong> Sie werden unsere Kunden in verschiedenen Themen unterst\u00fctzen, angefangen bei der Ermittlung der konkreten Treibhausgasemissionen und Energieeins\u00e4tze bis zur Ert\u00fcchtigung der Managementsysteme f\u00fcr die Transformation.<br \/>\nHierbei werden Sie bei der Erstellung von genehmigungsf\u00e4higen Energie- und Treibhausgasbilanzen nach gesetzlichen Vorgaben und anerkannten Normen unterst\u00fctzen und die digitalen Treibhausgasregister Deutschlands und der EU kennenlernen. Unsere Ergebnisse werden meistens zertifiziert. Deshalb werden Sie auch die Arbeit mit unabh\u00e4ngigen Gutachtern kennenlernen.<\/li>\n<li><strong>Neugierig, Innovativ und um die Ecke denken:<\/strong> Sie werden von Anfang an daran beteiligt sein, gemeinsam mit unserem Team Strategien und L\u00f6sungswege zu entwickeln, um unsere Kunden auf ihrem Weg in die Klimaneutralit\u00e4t zu begleiten. Interesse an den gesellschftlich- regulatorischen Rahmenbedingungen und kreatives bzw. auch innovatives Denken sind gefragt.<\/li>\n<li><strong>Souver\u00e4n abwickeln:<\/strong> Sie werden direkten Kundenkontakt haben und gemeinsam mit unserem Team sicherstellen, dass alle Aufgaben f\u00fcr unsere Kunden rechtzeitig erledigt werden und die Kunden sich gut aufgehoben f\u00fchlen und zufrieden sind.<\/li>\n<li><strong>Weiterbildung:<\/strong> Da Sie in einem sehr dynamischen Umfeld arbeiten und Zukunft mitgestalten m\u00fcssen, wird die laufende Weiterbildung zu einem wichtigen Bestandteil des Arbeitsalltags geh\u00f6ren.<\/li>\n<\/ul>\n<h2>Ihr Profil<\/h2>\n<ul>\n<li><strong>Ausbildung:<\/strong> Idealerweise haben Sie eine Ausbildung in einem relevanten Bereich, wie Ingenieurwesen, Umweltrecht, einem MINT-Fach oder in einem \u00e4quivalenten Bereich.<\/li>\n<li><strong>Pers\u00f6nlichkeit:<\/strong> Sie sind teamf\u00e4hig, offen, engagiert und neugierig darauf, wie komplexe Aspekte miteinander in Verbindung stehen.<\/li>\n<li><strong>Arbeitsweise:<\/strong> Ihre Arbeitsweise zeichnet sich durch Struktur, Pr\u00e4zision, Agilit\u00e4t und Zielstrebigkeit aus. Sie legen hohen Wert auf Exzellenz in Ihrer Arbeit.<\/li>\n<li><strong>Genauigkeit und Eigenverantwortung:<\/strong> Fast jedes unserer Ergebnisse wird am Ende von unabh\u00e4ngigen Gutachtern, Wirtschaftspr\u00fcfern und \u00f6ffentlichen Stellen \u00fcberpr\u00fcft und best\u00e4tigt. Daher ist eine strukturierte und eigenverantwortliche Arbeitsweise unerl\u00e4sslich.<\/li>\n<li><strong>Erfahrungen:<\/strong> Idealerweise konnten Sie bereits erste Berufserfahrung in der Industrie sammeln, insbesondere in den Bereichen Energie- und Verfahrenstechnik, Klima- und Umweltschutz.<\/li>\n<li><strong>IT-Know-How:<\/strong> Sehr gute Kenntnisse in der Nutzung von Office-Software, insbesondere Excel, sowie Erfahrung im Umgang mit digitalen Plattformen sind w\u00fcnschenswert.<\/li>\n<li><strong>Motivation:<\/strong> Sie sind motiviert und begeistert f\u00fcr die Herausforderungen, denen sich die Industrie im Rahmen der Energiewende und des Klimaschutzes gegen\u00fcbersieht. Sie haben Interesse an politisch regulatorischen Entwicklungen und an technischen, wirtschaftlichen und nachhaltigen Optimierungsm\u00f6glichkeiten im Hinblick auf die Energiewende und Klimaneutralit\u00e4t.<\/li>\n<li><strong>Sprachen:<\/strong> Sie beherrschen Deutsch auf Verhandlungsniveau. W\u00fcnschenswert sind weiterhin gute Englischkenntnisse in Wort und Schrift.<\/li>\n<\/ul>\n<h2>Was wir Ihnen bieten:<\/h2>\n<ul>\n<li>Bei uns arbeiten Sie in einem <strong>Team<\/strong> von engagierten, kompetenten und hochmotivierten Kolleg:innen, die ihre Expertise und <strong>Leidenschaft f\u00fcr den Klimaschutz<\/strong> teilen.<\/li>\n<li>Sie arbeiten in einer Umgebung mit <strong>flachen Hierarchien<\/strong>, wo <strong>Ideen und Vorschl\u00e4ge gesch\u00e4tzt<\/strong> werden und Entscheidungen schnell getroffen werden k\u00f6nnen.<\/li>\n<li>Wir ermutigen zur <strong>Kreativit\u00e4t<\/strong> und bieten Ihnen die M\u00f6glichkeit, sich <strong>beruflich weiterzuentwickeln<\/strong>.<\/li>\n<li>Wir haben ein weitreichendes Netzwerk im <strong>internationalen Klimaschutz<\/strong>, in <strong>Verb\u00e4nden<\/strong>, mit <strong>Experten<\/strong> und in der <strong>Politik<\/strong>, von dem Sie profitieren k\u00f6nnen.<\/li>\n<li>Ihre T\u00e4tigkeit wird abwechslungsreich sein und Sie werden mit <strong>internationalen Unternehmen<\/strong> zusammenarbeiten, um sie bei ihren Klimaschutzzielen zu unterst\u00fctzen.<\/li>\n<li>Wir <strong>kochen und essen gerne gemeinsam<\/strong> zu Mittag. Deshalb stellen wir die Zutaten f\u00fcr unsere leckeren Speisen kostenlos zur Verf\u00fcgung.<\/li>\n<li>Ihr Hauptarbeitsplatz befindet sich in<strong> Wiesbaden<\/strong> in einem repr\u00e4sentativen Altbaub\u00fcro <strong>mitten im Zentrum direkt am Luisenplatz<\/strong> und 10min fussl\u00e4ufig vom Hauptbahnhof.<\/li>\n<li>Ein <strong>kostenloses &#8222;Deutschlandticket&#8220;<\/strong> und <strong>Bahncard 50<\/strong> bieten Ihnen die M\u00f6glichkeit, bequem und umweltfreundlich zu reisen. An unserem Hauptsitz in Karben k\u00f6nnen Sie dar\u00fcber hinaus <strong>kostenfrei ihr Elektroauto aufladen<\/strong>.<\/li>\n<\/ul>\n<h2>Was noch wichtig ist<\/h2>\n<ul>\n<li><strong>Anstellungsart:<\/strong> Die Anstellung ist <strong>unbefristet<\/strong>, was Ihnen langfristige Sicherheit bietet.<\/li>\n<li><strong>Startdatum:<\/strong> Die Position ist <strong>ab sofort<\/strong> verf\u00fcgbar, sodass Sie direkt in Ihre neue Rolle einsteigen k\u00f6nnen.<\/li>\n<li><strong>Arbeitszeit:<\/strong> Sie haben die Wahl zwischen<strong> Vollzeit, vollzeitnaher Teilzeit oder Teilzeit<\/strong>. Unser Team ist werktags den ganzen Tag erreichbar. Ihre Arbeitszeit kann <strong>flexibel an den eigenen Biorhythmus<\/strong> angepasst werden, <strong>solange gen\u00fcgend Zeit f\u00fcr den gemeinsamen pers\u00f6nlichen Austausch<\/strong> untereinander bleibt.<\/li>\n<li><strong>Arbeitsort:<\/strong> Wir bieten <strong>alle M\u00f6glichkeiten zum mobilen Arbeiten<\/strong>, aber es ist uns <strong>wichtig, ausreichend Zeit f\u00fcr pers\u00f6nliche Treffen<\/strong> in unseren B\u00fcros zu haben.<\/li>\n<li><strong>Familienfreundlichkeit:<\/strong> Wir sind ein familienfreundliches Unternehmen und <strong>ermutigen insbesondere Ingenieur:innen, die sich in Elternzeit befinden oder diese bereits abgeschlossen haben<\/strong> und wieder in das Berufsleben einsteigen m\u00f6chten, sich bei uns zu bewerben.<\/li>\n<li><strong>Vielfalt:<\/strong> Wir sind stolz darauf, ein <strong>vielf\u00e4ltiges und offenes Unternehmen<\/strong> zu sein.<\/li>\n<\/ul>\n<h2>Kontakt<\/h2>\n<p>Falls Sie noch Fragen zum Job oder zu unserem Unternehmen haben, <strong>z\u00f6gern Sie bitte nicht, uns zu kontaktieren.<\/strong> Wir sind jederzeit f\u00fcr Sie da.<\/p>\n<p>Sie k\u00f6nnen uns entweder telefonisch unter <strong>+49 6039 9263686<\/strong> erreichen, uns eine eMail an <strong>bewerbung@gallehr.de<\/strong> schreiben..<\/p>\n<h2>Wir freuen uns darauf, von Ihnen zu h\u00f6ren und alle Ihre Fragen zu beantworten.<\/h2>\n","protected":false},"excerpt":{"rendered":"<p>Werden Sie Teil der Familie, willkommen bei GALLEHR+PARTNER\u00ae M\u00f6chten Sie Ihre Ideen in zukunftsf\u00e4hige L\u00f6sungen f\u00fcr Unternehmen verwandeln? M\u00f6chten Sie [&hellip;]<\/p>\n","protected":false},"author":2,"featured_media":0,"comment_status":"closed","ping_status":"closed","sticky":false,"template":"","format":"standard","meta":{"footnotes":""},"categories":[180,178],"tags":[344,666,795,796,797,798,799,800],"class_list":["post-86686","post","type-post","status-publish","format-standard","hentry","category-news","category-archiv","tag-klimaneutralitaet","tag-jobsuche","tag-bewerbung","tag-innovativ","tag-zukunft","tag-werte","tag-nachhaltig","tag-vision"],"_links":{"self":[{"href":"https:\/\/gallehr.flei.dev\/de\/wp-json\/wp\/v2\/posts\/86686","targetHints":{"allow":["GET"]}}],"collection":[{"href":"https:\/\/gallehr.flei.dev\/de\/wp-json\/wp\/v2\/posts"}],"about":[{"href":"https:\/\/gallehr.flei.dev\/de\/wp-json\/wp\/v2\/types\/post"}],"author":[{"embeddable":true,"href":"https:\/\/gallehr.flei.dev\/de\/wp-json\/wp\/v2\/users\/2"}],"replies":[{"embeddable":true,"href":"https:\/\/gallehr.flei.dev\/de\/wp-json\/wp\/v2\/comments?post=86686"}],"version-history":[{"count":0,"href":"https:\/\/gallehr.flei.dev\/de\/wp-json\/wp\/v2\/posts\/86686\/revisions"}],"wp:attachment":[{"href":"https:\/\/gallehr.flei.dev\/de\/wp-json\/wp\/v2\/media?parent=86686"}],"wp:term":[{"taxonomy":"category","embeddable":true,"href":"https:\/\/gallehr.flei.dev\/de\/wp-json\/wp\/v2\/categories?post=86686"},{"taxonomy":"post_tag","embeddable":true,"href":"https:\/\/gallehr.flei.dev\/de\/wp-json\/wp\/v2\/tags?post=86686"}],"curies":[{"name":"wp","href":"https:\/\/api.w.org\/{rel}","templated":true}]}}