{"id":87026,"date":"2024-07-19T15:30:59","date_gmt":"2024-07-19T13:30:59","guid":{"rendered":"https:\/\/gallehr.flei.dev\/?p=87026"},"modified":"2025-03-28T12:51:52","modified_gmt":"2025-03-28T11:51:52","slug":"klimaschutzvertraege-gehen-in-die-zweite-runde","status":"publish","type":"post","link":"https:\/\/gallehr.flei.dev\/de\/klimaschutzvertraege-gehen-in-die-zweite-runde\/","title":{"rendered":"Klimaschutzvertr\u00e4ge gehen in die zweite Runde"},"content":{"rendered":"<h2>Update:<\/h2>\n<p>Am 29.07.2024, wurde seitens des <a href=\"https:\/\/www.bmwk.de\/Navigation\/DE\/Home\/home.html\" target=\"_blank\" rel=\"noopener\">BMWK<\/a> das <strong>zweite vorbereitende Verfahren der Klimaschutzvertr\u00e4ge<\/strong> offiziell eingeleitet. Innerhalb der kommenden zwei Monate haben interessierte Unternehmen nun die M\u00f6glichkeit, Skizzen ihrer Dekarbonisierungsvorhaben einzureichen und f\u00fcr diese einen Antrag auf Zulassung zum zweiten Gebotsverfahren zu stellen. Bis zum <strong>30.09.2024 <\/strong>m\u00fcssen die Unterlagen f\u00fcr das vorbereitende Verfahren vollst\u00e4ndig eingereicht sein.<\/p>\n<h3><strong>Empfehlung zum weiteren Vorgehen:<\/strong><\/h3>\n<p>Hinsichtlich der anstehenden Ferienzeit ist der Zeitraum bis zum Fristende 30.09. knapp bemessen. Wir empfehlen daher m\u00f6glich zeitnah zu pr\u00fcfen, ob die Grundanforderungen zur Teilnahme vorliegen. Gerne unterst\u00fctzen wir Sie dabei, durch ein kostenloses Interview. <a href=\"https:\/\/gallehr.flei.dev\/de\/kontakt\/\">Vereinbaren Sie bei Interesse einen Termin.<\/a><\/p>\n<h2 style=\"text-align: justify;\">Die erste Runde der Klimaschutzvertr\u00e4ge ist erfolgreich abgeschlossen worden<\/h2>\n<p style=\"text-align: justify;\">Am Donnerstag, 11. Juli 2024, endete die Antragsfrist f\u00fcr die erste Gebotsrunde der vom <a href=\"https:\/\/www.bmwk.de\/Navigation\/DE\/Home\/home.html\" target=\"_blank\" rel=\"noopener\">Bundesministerium f\u00fcr Wirtschaft und Klimaschutz (BMWK)<\/a> initiierten <a href=\"https:\/\/www.klimaschutzvertraege.info\/\" target=\"_blank\" rel=\"noopener\">Klimaschutzvertr\u00e4ge<\/a>, auch Carbon Contracts for Difference (CCfD) genannt. Rund 20 Antr\u00e4ge auf eine F\u00f6rderung gingen ein \u2013 und zwar sowohl aus der Gro\u00dfindustrie als auch aus dem Mittelstand.<\/p>\n<p style=\"text-align: justify;\"><img decoding=\"async\" class=\"aligncenter\" src=\"https:\/\/cdn.pixabay.com\/photo\/2016\/10\/10\/13\/42\/agree-1728448_1280.jpg\" alt=\"Klimachutzvertr\u00e4ge, Carbon Contracts for Difference, CCfD, BMWK Bild https:\/\/pixabay.com\/service\/license-summary\/\" width=\"599\" height=\"399\" \/><\/p>\n<p style=\"text-align: justify;\">GALLEHR+PARTNER<sup>\u00ae<\/sup> durfte f\u00fcnf Unternehmen aus unterschiedlichsten Branchen durch das erste vorbereitende Verfahren und zwei Unternehmen <span style=\"font-family: Helvetica, Arial, sans-serif;\">bis zur qualifizierten Entscheidung zu Gebot und Gebotspreis begleiten.<\/span><\/p>\n<hr \/>\n<p><strong>Hintergrundinformationen:<\/strong><\/p>\n<p>Mit dem F\u00f6rderprogramm Klimaschutzvertr\u00e4ge unterst\u00fctzt die Bundesregierung Industrieunternehmen dabei, gro\u00dfe, klimafreundliche Produktionsanlagen zu errichten und zu betreiben, die sich andernfalls noch nicht rechnen w\u00fcrden. Dadurch werden Produktionsprozesse ohne Einsatz von fossilen Energietr\u00e4gern, Produktionsanlagen und Transportwege f\u00fcr Wasserstoff und Know-how in der Finanzierung entstehen. Es sollen die sogenannten gr\u00fcnen Leitm\u00e4rkte entstehen, die die Wettbewerbsf\u00e4higkeit Deutschlands und der EU in den n\u00e4chsten Jahrzehnten sichern werden.<\/p>\n<p><img decoding=\"async\" class=\"aligncenter wp-image-86223 size-full\" src=\"https:\/\/gallehr.flei.dev\/wordpress\/wp-content\/uploads\/2023\/06\/CCfD.png\" alt=\"Funktionsweise der Klimaschutzvertr\u00e4ge bzw Carbon Contracts for Difference (CCfD) mit dem Bund vom BMWK\" width=\"742\" height=\"153\" srcset=\"https:\/\/gallehr.flei.dev\/wp-content\/uploads\/2023\/06\/CCfD.png 742w, https:\/\/gallehr.flei.dev\/wp-content\/uploads\/2023\/06\/CCfD-300x62.png 300w, https:\/\/gallehr.flei.dev\/wp-content\/uploads\/2023\/06\/CCfD-350x72.png 350w\" sizes=\"(max-width: 742px) 100vw, 742px\" \/><\/p>\n<p>Aktuelle Informationen stellt das BMWK auf der Website <a href=\"https:\/\/www.klimaschutzvertraege.info\/\" target=\"_blank\" rel=\"noopener\">klimaschutzvertraege.info<\/a> zur Verf\u00fcgung.<\/p>\n<hr \/>\n<h2 style=\"text-align: justify;\">Das vorbereitende Verfahren f\u00fcr die zweite Gebotsrunde beginnt im Juli 2024<\/h2>\n<p>Mit Bekanntgabe im Bundesanzeiger wurde am 29.07.2024 das zweite vorbereitende Verfahrens der Klimaschutzvertr\u00e4ge offiziell eingeleitet. Innerhalb der kommenden zwei Monate haben interessierte Unternehmen nun folgend die M\u00f6glichkeit, Skizzen ihrer Dekarbonisierungsvorhaben einzureichen und f\u00fcr diese einen Antrag auf Zulassung zum zweiten Gebotsverfahren zu stellen. Bis zum 30.09.2024 m\u00fcssen die Unterlagen vollst\u00e4ndig eingereicht sein.<\/p>\n<p>Das zweiten vorbereitenden Verfahren folgt den Grundgedanken des bisher bekannten F\u00f6rdermechanismus. Jedoch wird aufbauend auf der Carbon Management Strategie der Bundesregierung die Nutzung von Carbon Capture and Usage\/Storage Technologien im Rahmen der zweiten Gebotsrunde der Klimaschutzvertr\u00e4ge derzeit gepr\u00fcft und wird mit hoher Wahrscheinlichkeit innerhalb des kommenden Gebotsverfahrens f\u00f6rderf\u00e4hig sein.<\/p>\n<p style=\"text-align: justify;\">Die Teilnahme an dem zweiten vorbereitenden Verfahren verpflichtet zu nichts, sichert aber jedem Unternehmen die M\u00f6glichkeit, an der dann folgenden zweiten Gebotsrunde teilzunehmen.<\/p>\n<p style=\"text-align: justify;\">GALLEHR+PARTNER<sup>\u00ae<\/sup>empfiehlt entsprechend auf jeden Fall zu pr\u00fcfen, ob die Grundanforderungen zur Teilnahme vorliegen. Gerne unterst\u00fctzen wir Sie dabei, durch ein kostenloses Interview.<\/p>\n<p style=\"text-align: justify;\">Sollten die Grundanforderungen erf\u00fcllt sein, empfehlen wir, am vorbereitenden Verfahren teilzunehmen. Der Aufwand ist in den meisten F\u00e4llen \u00fcberschaubar und kann mit F\u00f6rderungen in H\u00f6he von bis zu einer Milliarde Euro (EUR 1.000.000.000,&#8211;) im Einzelfall belohnt werden.<\/p>\n<h2 style=\"text-align: justify;\">GALLEHR+PARTNER<sup>\u00ae<\/sup> unterst\u00fctzt alle interessierten gerne in gewohnter Qualit\u00e4t<\/h2>\n<p style=\"text-align: justify;\">Unsere Unterst\u00fctzung im Einzelnen:<\/p>\n<ul style=\"text-align: justify;\">\n<li>Erfahrende 360\u00b0-Begleitung w\u00e4hrend dem vorbereitenden Verfahren und der Gebotsphase bei allen Berechnungen und Formalit\u00e4ten<\/li>\n<li>Kompatibilit\u00e4tspr\u00fcfung zum F\u00f6rderprogramm Klimaschutzvertr\u00e4ge<\/li>\n<li>Strukturierung und Erstellung der erforderlichen Antragsmodalit\u00e4ten<\/li>\n<li>Darlegung des F\u00f6rdermechanismus und F\u00f6rderregelungen<\/li>\n<li>Simulation der j\u00e4hrlichen Vertragseinzahlungen<\/li>\n<li>Hilfestellung bei der Gebotspreis-Bestimmung<\/li>\n<li>Durchf\u00fchrung einer Vollkostenkalkulation zur Bestimmung der finanziellen Risikoposition inkl. weiterer F\u00f6rdermittel<\/li>\n<li>Koordination von beteiligten Projektpartner (Beh\u00f6rden, Rechtsberater, Anlagenbauern und Energielieferanten)<\/li>\n<li>Unterst\u00fctzung bei den Berichtspflichten w\u00e4hrend der Vertragslaufzeit<\/li>\n<\/ul>\n<h2 style=\"text-align: justify;\"><a href=\"https:\/\/gallehr.flei.dev\/de\/kontakt\/\" target=\"_blank\" rel=\"noopener\">Sprechen Sie uns gerne an.<\/a><\/h2>\n<hr \/>\n<p class=\"reader-text-block__heading2\" style=\"text-align: justify;\"><strong>Bei weiteren Fragen stehen wir Ihnen gerne direkt zur Verf\u00fcgung.<\/strong><\/p>\n<p style=\"text-align: justify;\">GALLEHR+PARTNER<sup>\u00ae<\/sup> ist seit 2007 der erfahrene Lotse f\u00fcr die Wirtschaft auf dem Weg zur CO\u2082-Neutralit\u00e4t. Zu dem Kundenstamm von GALLEHR+PARTNER<sup>\u00ae<\/sup> geh\u00f6rt eine Vielzahl national und international renommierter Unternehmen. Diese ber\u00e4t und unterst\u00fctzt GALLEHR+PARTNER<sup>\u00ae<\/sup> teilweise bis zur vollst\u00e4ndigen eigenverantwortlichen \u00dcbernahme relevanter Prozesse.<\/p>\n","protected":false},"excerpt":{"rendered":"<p>Update: Am 29.07.2024, wurde seitens des BMWK das zweite vorbereitende Verfahren der Klimaschutzvertr\u00e4ge offiziell eingeleitet. Innerhalb der kommenden zwei Monate [&hellip;]<\/p>\n","protected":false},"author":2,"featured_media":0,"comment_status":"closed","ping_status":"closed","sticky":false,"template":"","format":"standard","meta":{"footnotes":""},"categories":[820,832,180,178],"tags":[732,746,760,761],"class_list":["post-87026","post","type-post","status-publish","format-standard","hentry","category-klimaschutzvertraege","category-transformationsbegleitung","category-news","category-archiv","tag-bmwk","tag-ccfd","tag-klimaschutzvertraege","tag-foerdermittel"],"_links":{"self":[{"href":"https:\/\/gallehr.flei.dev\/de\/wp-json\/wp\/v2\/posts\/87026","targetHints":{"allow":["GET"]}}],"collection":[{"href":"https:\/\/gallehr.flei.dev\/de\/wp-json\/wp\/v2\/posts"}],"about":[{"href":"https:\/\/gallehr.flei.dev\/de\/wp-json\/wp\/v2\/types\/post"}],"author":[{"embeddable":true,"href":"https:\/\/gallehr.flei.dev\/de\/wp-json\/wp\/v2\/users\/2"}],"replies":[{"embeddable":true,"href":"https:\/\/gallehr.flei.dev\/de\/wp-json\/wp\/v2\/comments?post=87026"}],"version-history":[{"count":0,"href":"https:\/\/gallehr.flei.dev\/de\/wp-json\/wp\/v2\/posts\/87026\/revisions"}],"wp:attachment":[{"href":"https:\/\/gallehr.flei.dev\/de\/wp-json\/wp\/v2\/media?parent=87026"}],"wp:term":[{"taxonomy":"category","embeddable":true,"href":"https:\/\/gallehr.flei.dev\/de\/wp-json\/wp\/v2\/categories?post=87026"},{"taxonomy":"post_tag","embeddable":true,"href":"https:\/\/gallehr.flei.dev\/de\/wp-json\/wp\/v2\/tags?post=87026"}],"curies":[{"name":"wp","href":"https:\/\/api.w.org\/{rel}","templated":true}]}}