{"id":87049,"date":"2024-08-01T17:29:32","date_gmt":"2024-08-01T15:29:32","guid":{"rendered":"https:\/\/gallehr.flei.dev\/?p=87049"},"modified":"2025-03-28T12:52:43","modified_gmt":"2025-03-28T11:52:43","slug":"knowledge-base-klimaschutzvertraege","status":"publish","type":"post","link":"https:\/\/gallehr.flei.dev\/de\/knowledge-base-klimaschutzvertraege\/","title":{"rendered":"Knowledge Base \u2013 Klimaschutzvertr\u00e4ge"},"content":{"rendered":"<h2><strong>Klimaschutzvertr\u00e4ge \u2013 Knowledge Base der relevantesten Fragestellungen<br \/>\n<\/strong><\/h2>\n<p style=\"text-align: justify;\"><span style=\"font-size: 12pt;\">In den vergangenen Monaten konnte das Team von GALLEHR+PARTNER<sup>\u00ae<\/sup> intensiv die Antragsvorbereitung zur <a href=\"https:\/\/www.klimaschutzvertraege.info\" target=\"_blank\" rel=\"noopener\">1. Gebotsphase der Klimaschutzvertr\u00e4ge<\/a> begleiten. Antworten zu den unserer Meinung nach relevantesten Fragestellungen finden Sie innerhalb unserer Knowledge Base reflektiert.<br \/>\n<\/span><\/p>\n<hr \/>\n<h3><strong><span style=\"font-size: 12pt; color: #b01419;\">Hintergrundinformation:<\/span><\/strong><\/h3>\n<p style=\"text-align: justify;\"><span style=\"font-size: 12pt;\">Mithilfe des neuen F\u00f6rdermechanismus <a href=\"https:\/\/www.klimaschutzvertraege.info\/startseite\" target=\"_blank\" rel=\"noopener\">Klimaschutzvertr\u00e4ge<\/a> etabliert das Bundesministerium f\u00fcr Wirtschaft und Klimaschutz (<a href=\"https:\/\/www.bmwk.de\/Navigation\/DE\/Home\/home.html\" target=\"_blank\" rel=\"noopener\">BMWK<\/a>) erstmalig eine innovative CAPEX- und OPEX-F\u00f6rderung zur risikominimierten Errichtung von klimafreundlichen Produktionsanlagen energieintensiver Industrie. Klimaschutzvertr\u00e4ge setzen einen Anreiz, ben\u00f6tigte Technologien und Infrastrukturen schon heute zu entwickeln, indem entstehende Mehrkosten des Betriebes einer klimafreundlichen Produktionsanlage \u00fcber 15 Jahre ausgeglichen werden. Zur Antragsstellungen haben teilnehmende Unternehmen ein Bieterverfahren unter marktwirtschaftlichen Rahmenbedingungen zu durchlaufen. Weitere Informationen zu den Hintergr\u00fcnden der <a href=\"https:\/\/www.klimaschutzvertraege.info\/startseite\" target=\"_blank\" rel=\"noopener\">Klimaschutzvertr\u00e4ge<\/a> finden Sie in unserem letzten Beitrag: \u201e<a href=\"https:\/\/gallehr.flei.dev\/de\/klimaschutzvertraege-erstes-gebotsverfahren-gestartet\/\" target=\"_blank\" rel=\"noopener\">Klimaschutzvertr\u00e4ge \u2013 Erstes Gebotsverfahren gestartet<\/a>\u201c.<br \/>\n<\/span><\/p>\n<hr \/>\n<h2>Knowledge Base \u2013 Klimaschutzvertr\u00e4ge<\/h2>\n<p>Stand des Wissens: 01.08.2024<\/p>\n<p>Mit Unterst\u00fctzung von perplexity.ai und chatgpt.com, verifiziert von GALLEHR+PARTNER<sup>\u00ae<\/sup><\/p>\n<p>[sp_easyaccordion id=&#8220;87047&#8243;]<\/p>\n<hr \/>\n<h3 style=\"text-align: justify;\"><strong><span style=\"font-size: 12pt; color: #b11116;\">Hinweis:<\/span><\/strong><\/h3>\n<h4 style=\"text-align: justify;\">GALLEHR+PARTNER<sup>\u00ae<\/sup> unterst\u00fctzt Sie bei Bedarf vollumf\u00e4nglich im Rahmen der Klimaschutzvertr\u00e4ge<\/h4>\n<p style=\"text-align: justify;\"><span style=\"font-size: 12pt;\">Unsere Unterst\u00fctzung im Einzelnen:<\/span><\/p>\n<ul>\n<li style=\"text-align: justify;\"><span style=\"font-size: 12pt;\">360\u00b0-Begleitung w\u00e4hrend dem vorbereitenden Verfahren und der Gebotsphase bei allen Berechnungen und Formalit\u00e4ten<\/span><\/li>\n<li style=\"text-align: justify;\"><span style=\"font-size: 12pt;\">Kompatibilit\u00e4tspr\u00fcfung zum F\u00f6rderprogramm Klimaschutzvertr\u00e4ge<\/span><\/li>\n<li style=\"text-align: justify;\"><span style=\"font-size: 12pt;\">Strukturierung und Erstellung der erforderlichen Antragsmodalit\u00e4ten<\/span><\/li>\n<li style=\"text-align: justify;\"><span style=\"font-size: 12pt;\">Darlegung des F\u00f6rdermechanismus und F\u00f6rderregelungen<\/span><\/li>\n<li style=\"text-align: justify;\"><span style=\"font-size: 12pt;\">Simulation der j\u00e4hrlichen Vertragseinzahlungen<\/span><\/li>\n<li style=\"text-align: justify;\"><span style=\"font-size: 12pt;\">Hilfestellung bei der Gebotspreis-Bestimmung<\/span><\/li>\n<li style=\"text-align: justify;\"><span style=\"font-size: 12pt;\">Durchf\u00fchrung einer Vollkostenkalkulation zur Bestimmung der finanziellen Risikoposition inkl. Ber\u00fccksichtigung weiterer F\u00f6rdermittel<\/span><\/li>\n<li style=\"text-align: justify;\"><span style=\"font-size: 12pt;\">Koordination von beteiligten Projektpartner (Beh\u00f6rden, Rechtsberater, Anlagenbauern und Energielieferanten)<\/span><\/li>\n<li style=\"text-align: justify;\"><span style=\"font-size: 12pt;\">Unterst\u00fctzung bei den Berichtspflichten w\u00e4hrend der Vertragslaufzeit<\/span><\/li>\n<\/ul>\n<hr \/>\n<p class=\"reader-text-block__heading2\"><span style=\"font-size: 12pt;\"><strong>Bei weiteren <span style=\"color: #b01419;\">Fragen<\/span> stehen wir <span style=\"color: #b01419;\">Ihnen<\/span> gerne direkt zur Verf\u00fcgung. <\/strong><a href=\"https:\/\/gallehr.flei.dev\/de\/kontakt\/\"><strong>Sprechen Sie uns gerne an.<\/strong><\/a><\/span><\/p>\n<p><span style=\"font-size: 12pt;\">GGALLEHR+PARTNER<sup>\u00ae<\/sup> ist seit 2007 der erfahrene Lotse f\u00fcr die Wirtschaft auf dem Weg zur CO\u2082-Neutralit\u00e4t. Zu dem Kundenstamm von GALLEHR+PARTNER<sup>\u00ae<\/sup> geh\u00f6rt eine Vielzahl national und international renommierter Unternehmen. Diese ber\u00e4t und unterst\u00fctzt GALLEHR+PARTNER<sup>\u00ae<\/sup> teilweise bis zur vollst\u00e4ndigen eigenverantwortlichen \u00dcbernahme relevanter Prozesse.<\/span><\/p>\n","protected":false},"excerpt":{"rendered":"<p>Klimaschutzvertr\u00e4ge \u2013 Knowledge Base der relevantesten Fragestellungen In den vergangenen Monaten konnte das Team von GALLEHR+PARTNER\u00ae intensiv die Antragsvorbereitung zur [&hellip;]<\/p>\n","protected":false},"author":17,"featured_media":0,"comment_status":"closed","ping_status":"closed","sticky":false,"template":"","format":"standard","meta":{"footnotes":""},"categories":[820,832,180,178],"tags":[766,801,802,806,185,732,741,760,761],"class_list":["post-87049","post","type-post","status-publish","format-standard","hentry","category-klimaschutzvertraege","category-transformationsbegleitung","category-news","category-archiv","tag-vorbereitendes-verfahren","tag-energieintensiv","tag-foerderung","tag-2-gebotsverfahren","tag-industrie","tag-bmwk","tag-bundesfoerderung","tag-klimaschutzvertraege","tag-foerdermittel"],"_links":{"self":[{"href":"https:\/\/gallehr.flei.dev\/de\/wp-json\/wp\/v2\/posts\/87049","targetHints":{"allow":["GET"]}}],"collection":[{"href":"https:\/\/gallehr.flei.dev\/de\/wp-json\/wp\/v2\/posts"}],"about":[{"href":"https:\/\/gallehr.flei.dev\/de\/wp-json\/wp\/v2\/types\/post"}],"author":[{"embeddable":true,"href":"https:\/\/gallehr.flei.dev\/de\/wp-json\/wp\/v2\/users\/17"}],"replies":[{"embeddable":true,"href":"https:\/\/gallehr.flei.dev\/de\/wp-json\/wp\/v2\/comments?post=87049"}],"version-history":[{"count":0,"href":"https:\/\/gallehr.flei.dev\/de\/wp-json\/wp\/v2\/posts\/87049\/revisions"}],"wp:attachment":[{"href":"https:\/\/gallehr.flei.dev\/de\/wp-json\/wp\/v2\/media?parent=87049"}],"wp:term":[{"taxonomy":"category","embeddable":true,"href":"https:\/\/gallehr.flei.dev\/de\/wp-json\/wp\/v2\/categories?post=87049"},{"taxonomy":"post_tag","embeddable":true,"href":"https:\/\/gallehr.flei.dev\/de\/wp-json\/wp\/v2\/tags?post=87049"}],"curies":[{"name":"wp","href":"https:\/\/api.w.org\/{rel}","templated":true}]}}