{"id":87070,"date":"2024-08-23T17:27:04","date_gmt":"2024-08-23T15:27:04","guid":{"rendered":"https:\/\/gallehr.flei.dev\/?p=87070"},"modified":"2025-03-28T12:53:15","modified_gmt":"2025-03-28T11:53:15","slug":"foerderrichtlinie-bundesfoerderung-industrie-und-klimaschutz-bik-veroeffentlicht","status":"publish","type":"post","link":"https:\/\/gallehr.flei.dev\/de\/foerderrichtlinie-bundesfoerderung-industrie-und-klimaschutz-bik-veroeffentlicht\/","title":{"rendered":"F\u00f6rderrichtlinie Bundesf\u00f6rderung Industrie und Klimaschutz (BIK) ver\u00f6ffentlicht"},"content":{"rendered":"<h2><strong>Bundesf\u00f6rderung Industrie und Klimaschutz (BIK) \u2013 Wichtige Information zu Beginn des neuen F\u00f6rderinstruments<br \/>\n<\/strong><\/h2>\n<p style=\"text-align: justify;\"><span style=\"font-size: 12pt;\">Das <a href=\"https:\/\/www.bmwk.de\/Navigation\/DE\/Home\/home.html\" target=\"_blank\" rel=\"noopener\">Bundeministerium f\u00fcr Wirtschaft und Klimaschutz (BMWK)<\/a> hat heute die neue <a href=\"https:\/\/www.klimaschutz-industrie.de\/fileadmin\/kei\/Dateien\/Bundesfoerderung_Industrie_Klimaschutz\/Modul_1\/BMWK_Foerderrichtlinie_BIK_Textfassung_Stand_23-08-2024.pdf\" target=\"_blank\" rel=\"noopener\">F\u00f6rderrichtlinie \u201eBundesf\u00f6rderung Industrie und Klimaschutz (BIK)\u201c<\/a> ver\u00f6ffentlicht. Mit der neuen F\u00f6rderung wird zuk\u00fcnftig vor allem der industrielle Mittelstand bei der Dekarbonisierung seiner Produktionsprozesse unterst\u00fctzt. Das F\u00f6rderinstrument BIK ist der Nachfolger des <a href=\"https:\/\/www.klimaschutz-industrie.de\/foerderung\/dekarbonisierung-in-der-industrie\/\" target=\"_blank\" rel=\"noopener\">F\u00f6rderprogramms &#8222;Dekarbonisierung der Industrie&#8220;<\/a>, welches zum 31.12.2023 ausgelaufen ist. <\/span><\/p>\n<p><span style=\"font-size: 12pt;\">Im folgenden gibt GALLEHR+PARTNER<sup>\u00ae <\/sup>Ihnen einen ersten \u00dcberblick \u00fcber das neue F\u00f6rderinstrument und zeigt auf, was interessierte Unternehmen in den n\u00e4chsten Monaten zu erwarten haben.<\/span><\/p>\n<hr \/>\n<h3><strong><span style=\"font-size: 12pt; color: #b01419;\">Hintergrundinformation:<\/span><\/strong><\/h3>\n<p style=\"text-align: justify;\"><span style=\"font-size: 12pt;\">Mithilfe des neuen F\u00f6rderinstruments Bundesf\u00f6rderung Industrie und Klimaschutz sollen klimafreundliche Investitions- sowie Forschungs-, Entwicklungs- und Innovationsvorhaben erm\u00f6glicht werden, welche zu den aktuellen Marktbedingungen noch nicht wirtschaftlich umsetzbar sind. Hierzu werden Unternehmen innerhalb von zwei Modulen gef\u00f6rdert. <\/span><\/p>\n<p style=\"text-align: justify;\"><span style=\"font-size: 12pt;\"><strong>Projekttr\u00e4ger des Modul 1 <\/strong>(Dekarbonisierung der Industrie inklusive anwendungsorientierter Forschung und Entwicklung) ist das <a href=\"https:\/\/www.klimaschutz-industrie.de\/\" target=\"_blank\" rel=\"noopener\"><strong>Kompetenzzentrum Klimaschutz in energieintensiven Industrien (KEI)<\/strong><\/a><br \/>\n<\/span><\/p>\n<p><span style=\"font-size: 12pt;\"><strong>Projekttr\u00e4ger des Modul 2 <\/strong>(Anwendung und Umsetzung von CCU und CCS inklusive anwendungsorientierter Forschung und Entwicklung) ist der <a href=\"https:\/\/www.ptj.de\/projektfoerderung\/klimaschutz\/bundesfoerderung_industrie_und_klimaschutz_foerderung_von_ccus\" target=\"_blank\" rel=\"noopener\"><strong>Projekttr\u00e4ger J\u00fclich (PtJ)<\/strong> <\/a><\/span><\/p>\n<hr \/>\n<h2>Was sollten Unternehmen wissen?<\/h2>\n<p>Es folgt eine erste \u00dcbersicht wichtiger Informationen. GALLEHR+PARTNER<sup>\u00ae <\/sup>wird zudem in den n\u00e4chsten Wochen eine Newsletter-Reihe ver\u00f6ffentlichen, die einzelnen Module und Bestandteile der F\u00f6rderung im Detail analysieren<sup>.<\/sup> <a href=\"https:\/\/gallehr.flei.dev\/de\/kontakt\/\" target=\"_blank\" rel=\"noopener\">Melden Sie sich hierzu gerne bei unserem Newsletter an.<\/a><\/p>\n<hr \/>\n<p>Die Beantwortung der folgenden Fragen wurde unterst\u00fctzt von chatgpt.com und von GALLEHR+PARTNER<sup>\u00ae <\/sup>verifiziert. Stand des Wissens: 23.08.2024<\/p>\n<p>[sp_easyaccordion id=&#8220;87072&#8243;]<\/p>\n<p>&nbsp;<\/p>\n<hr \/>\n<h3 style=\"text-align: justify;\"><strong><span style=\"font-size: 12pt; color: #b11116;\">Hinweis:<\/span><\/strong><\/h3>\n<h4 style=\"text-align: justify;\">GALLEHR+PARTNER<sup>\u00ae<\/sup> unterst\u00fctzt Sie bei Bedarf vollumf\u00e4nglich im Rahmen der Bundesf\u00f6rderung Industrie und Klimaschutz<\/h4>\n<p style=\"text-align: justify;\"><span style=\"font-size: 12pt;\">Unsere Unterst\u00fctzung im Einzelnen:<\/span><\/p>\n<ul>\n<li style=\"text-align: justify;\"><span style=\"font-size: 12pt;\">360\u00b0-Begleitung w\u00e4hrend Skizzeneinreichung und Einreichung des Projektantrags inkl. bei\u00a0allen Berechnungen und Formalit\u00e4ten<\/span><\/li>\n<li style=\"text-align: justify;\"><span style=\"font-size: 12pt;\">Kompatibilit\u00e4tspr\u00fcfung zur Bundesf\u00f6rderung Industrie und Klimaschutz<br \/>\n<\/span><\/li>\n<li><span style=\"font-size: 12pt;\">Unterst\u00fctzung bei strategischen Fragestellungen<\/span><\/li>\n<li><span style=\"font-size: 12pt;\">Einsch\u00e4tzung der Ma\u00dfnahme im gesamten F\u00f6rderumfeld<\/span><\/li>\n<li style=\"text-align: justify;\"><span style=\"font-size: 12pt;\">Strukturierung und Erstellung der erforderlichen Antragsmodalit\u00e4ten<\/span><\/li>\n<li style=\"text-align: justify;\"><span style=\"font-size: 12pt;\">Darlegung des F\u00f6rdermechanismus und F\u00f6rderregelungen<\/span><\/li>\n<li style=\"text-align: justify;\"><span style=\"font-size: 12pt;\">Unterst\u00fctzung bei Erstellung der Skizze <\/span><\/li>\n<li style=\"text-align: justify;\"><span style=\"font-size: 12pt;\">Beratung bei &#8222;Gebotspreis&#8220; hinsichtlich THG-F\u00f6rdermitteleffizienz<\/span><\/li>\n<li style=\"text-align: justify;\"><span style=\"font-size: 12pt;\">Koordination von beteiligten Projektpartner (Beh\u00f6rden, Rechtsberater, Anlagenbauern und Energielieferanten)<\/span><\/li>\n<li style=\"text-align: justify;\"><span style=\"font-size: 12pt;\">Unterst\u00fctzung bei Kommunikation mit dem F\u00f6rdergeber und Begleitung des vollst\u00e4ndigen Beantragungsprozesses<\/span><\/li>\n<\/ul>\n<hr \/>\n<p class=\"reader-text-block__heading2\"><span style=\"font-size: 12pt;\"><strong>Bei weiteren <span style=\"color: #b01419;\">Fragen<\/span> stehen <a href=\"https:\/\/gallehr.flei.dev\/de\/team-gallehrpartner\/\" target=\"_blank\" rel=\"noopener\">wir <\/a><span style=\"color: #b01419;\">Ihnen<\/span> gerne direkt zur Verf\u00fcgung. <\/strong><a href=\"https:\/\/gallehr.flei.dev\/de\/kontakt\/\"><strong>Sprechen Sie uns gerne an.<\/strong><\/a><\/span><\/p>\n<p>GALLEHR+PARTNER<sup>\u00ae<\/sup> ist seit 2007 der erfahrene Lotse f\u00fcr die Wirtschaft auf dem Weg zur CO\u2082-Neutralit\u00e4t. Zu dem Kundenstamm von GALLEHR+PARTNER<sup>\u00ae<\/sup> geh\u00f6rt eine Vielzahl national und international renommierter Unternehmen. Diese ber\u00e4t und unterst\u00fctzt GALLEHR+PARTNER<sup>\u00ae<\/sup> teilweise bis zur vollst\u00e4ndigen eigenverantwortlichen \u00dcbernahme relevanter Prozesse.<\/p>\n","protected":false},"excerpt":{"rendered":"<p>Bundesf\u00f6rderung Industrie und Klimaschutz (BIK) \u2013 Wichtige Information zu Beginn des neuen F\u00f6rderinstruments Das Bundeministerium f\u00fcr Wirtschaft und Klimaschutz (BMWK) [&hellip;]<\/p>\n","protected":false},"author":3,"featured_media":0,"comment_status":"closed","ping_status":"closed","sticky":false,"template":"","format":"standard","meta":{"footnotes":""},"categories":[832,180,178],"tags":[801,802,806,185,732,741,760,761,766],"class_list":["post-87070","post","type-post","status-publish","format-standard","hentry","category-transformationsbegleitung","category-news","category-archiv","tag-energieintensiv","tag-foerderung","tag-2-gebotsverfahren","tag-industrie","tag-bmwk","tag-bundesfoerderung","tag-klimaschutzvertraege","tag-foerdermittel","tag-vorbereitendes-verfahren"],"_links":{"self":[{"href":"https:\/\/gallehr.flei.dev\/de\/wp-json\/wp\/v2\/posts\/87070","targetHints":{"allow":["GET"]}}],"collection":[{"href":"https:\/\/gallehr.flei.dev\/de\/wp-json\/wp\/v2\/posts"}],"about":[{"href":"https:\/\/gallehr.flei.dev\/de\/wp-json\/wp\/v2\/types\/post"}],"author":[{"embeddable":true,"href":"https:\/\/gallehr.flei.dev\/de\/wp-json\/wp\/v2\/users\/3"}],"replies":[{"embeddable":true,"href":"https:\/\/gallehr.flei.dev\/de\/wp-json\/wp\/v2\/comments?post=87070"}],"version-history":[{"count":0,"href":"https:\/\/gallehr.flei.dev\/de\/wp-json\/wp\/v2\/posts\/87070\/revisions"}],"wp:attachment":[{"href":"https:\/\/gallehr.flei.dev\/de\/wp-json\/wp\/v2\/media?parent=87070"}],"wp:term":[{"taxonomy":"category","embeddable":true,"href":"https:\/\/gallehr.flei.dev\/de\/wp-json\/wp\/v2\/categories?post=87070"},{"taxonomy":"post_tag","embeddable":true,"href":"https:\/\/gallehr.flei.dev\/de\/wp-json\/wp\/v2\/tags?post=87070"}],"curies":[{"name":"wp","href":"https:\/\/api.w.org\/{rel}","templated":true}]}}