{"id":87110,"date":"2024-09-10T15:37:37","date_gmt":"2024-09-10T13:37:37","guid":{"rendered":"https:\/\/gallehr.flei.dev\/?p=87110"},"modified":"2025-03-28T12:54:30","modified_gmt":"2025-03-28T11:54:30","slug":"abwaermeplattform-bafa-aktualisiert-merkblatt","status":"publish","type":"post","link":"https:\/\/gallehr.flei.dev\/de\/abwaermeplattform-bafa-aktualisiert-merkblatt\/","title":{"rendered":"Abw\u00e4rmeplattform: Bafa aktualisiert Merkblatt"},"content":{"rendered":"<h2><strong>Energieeffizienzgesetz (EnEfG) News: Aktualisiertes Merkblatt zur Plattform f\u00fcr Abw\u00e4rme<\/strong><\/h2>\n<p style=\"text-align: justify;\"><span style=\"font-size: 12pt;\">Am 09. August 2024 hat das Bundesamt f\u00fcr Wirtschaft und Ausfuhrkontrolle (BAFA) eine aktualisierte Version des Merkblatts zur Plattform f\u00fcr Abw\u00e4rme ver\u00f6ffentlicht. Diese bringt wesentliche Neuerungen mit sich, die f\u00fcr die Nutzung der Plattform f\u00fcr Abw\u00e4rme von Bedeutung sind.<br \/>\n<\/span><\/p>\n<p><span style=\"font-size: 12pt;\">Im Folgenden gibt GALLEHR+PARTNER<sup>\u00ae <\/sup>Ihnen einen \u00dcberblick \u00fcber die relevanten \u00c4nderungen.<br \/>\n<\/span><\/p>\n<hr \/>\n<h3><strong><span style=\"font-size: 12pt; color: #b01419;\">Hintergrundinformation:<\/span><\/strong><\/h3>\n<p style=\"text-align: justify;\"><span style=\"font-size: 12pt;\">Das Ziel der <a href=\"https:\/\/elan1.bafa.bund.de\/bafa-portal\/content\/registrierung.xhtml;jsessionid=XspMZ5tA1EHmVynPSUthu6Hu7rNm-tdrDXsErTZR.vlp49436\" target=\"_blank\" rel=\"noopener\">Plattform f\u00fcr Abw\u00e4rme<\/a> ist eine deutschlandweite \u00dcbersicht aller gewerblicher Abw\u00e4rmepotentiale zu bilden. Sie ist eines der wichtigen Instrumente des <a href=\"https:\/\/www.gesetze-im-internet.de\/enefg\/BJNR1350B0023.html\">Energieeffizienzgesetzes (EnEfG<\/a>). Dieses hat mehrere Ziele, zum einen den Prim\u00e4r- und Endenergieverbrauch zu senken sowie die Versorgungssicherheit zu erh\u00f6hen und einen Beitrag zum Klimaschutz zu leisten.<\/span><\/p>\n<p style=\"text-align: justify;\"><span style=\"font-size: 12pt;\">Die <a href=\"https:\/\/elan1.bafa.bund.de\/bafa-portal\/content\/registrierung.xhtml;jsessionid=XspMZ5tA1EHmVynPSUthu6Hu7rNm-tdrDXsErTZR.vlp49436\" target=\"_blank\" rel=\"noopener\">Plattform f\u00fcr Abw\u00e4rme<\/a> soll dabei haupts\u00e4chlich zum Informationsaustausch und der Vernetzung von Unternehmen und Energieversorgern dienen. Insbesondere soll die Plattform genutzt werden, wenn die anfallende Abw\u00e4rme nicht bereits innerhalb des Unternehmens vermieden oder wiederverwendet werden kann. So soll erm\u00f6glicht werden, W\u00e4rme\u00fcbersch\u00fcsse (Abw\u00e4rmequellen) und W\u00e4rmebedarfe (W\u00e4rmesenken) in Einklang zu bringen. Zudem stehen die Daten auch den Kommunen zur Verf\u00fcgung, die diese in die W\u00e4rmeleitplanung integrieren k\u00f6nnen. Unserer Ansicht nach ist dies ein probates Mittel, die Energieeffizienz zu verbessern, volkswirtschaftlich sinnvoll und aus der Perspektive des Klimaschutzes zu unterst\u00fctzen.<\/span><\/p>\n<hr \/>\n<h2>GALLEHR+PARTNER<sup>\u00ae<\/sup> Newsletter<\/h2>\n<p>GALLEHR+PARTNER<sup>\u00ae <\/sup>ver\u00f6ffentlicht regelm\u00e4\u00dfig Informationen zu den neuesten Entwicklungen im Rahmen des Energieeffizienzgesetzes und zu weiteren relevanten Themen der energieintensiven Industrie. <a href=\"https:\/\/gallehr.flei.dev\/de\/kontakt\/\" target=\"_blank\" rel=\"noopener\">Melden Sie sich gerne bei unserem Newsletter an, um keine Neuigkeiten mehr zu verpassen.<\/a><\/p>\n<hr \/>\n<p>Anbei ein \u00dcberblick \u00fcber die relevanten \u00c4nderungen. Stand des Wissens: 05.09.2024<\/p>\n<p>[sp_easyaccordion id=&#8220;87111&#8243;]<\/p>\n<hr \/>\n<h3 style=\"text-align: justify;\"><strong><span style=\"font-size: 12pt; color: #b11116;\">Hinweis:<\/span><\/strong><\/h3>\n<h4 style=\"text-align: justify;\">GALLEHR+PARTNER<sup>\u00ae<\/sup> unterst\u00fctzt Sie bei Bedarf vollumf\u00e4nglich im Rahmen der Plattform f\u00fcr Abw\u00e4rme<\/h4>\n<p style=\"text-align: justify;\"><span style=\"font-size: 12pt;\">Unsere Unterst\u00fctzung im Einzelnen:<\/span><\/p>\n<ul>\n<li style=\"text-align: justify;\"><span style=\"font-size: 12pt;\">360\u00b0 Unterst\u00fctzung bei der Erfassung gewerblicher Abw\u00e4rmepotenziale und ihrer Verwaltung auf der Plattform f\u00fcr Abw\u00e4rme<\/span><\/li>\n<li style=\"text-align: justify;\"><span style=\"font-size: 12pt;\">Bestandsaufnahme der zu \u00fcbermittelnden Daten<\/span><\/li>\n<li><span style=\"font-size: 12pt;\">Erstellung des Profils auf der Plattform f\u00fcr Abw\u00e4rme<\/span><\/li>\n<\/ul>\n<hr \/>\n<p class=\"reader-text-block__heading2\"><span style=\"font-size: 12pt;\"><strong>Bei weiteren <span style=\"color: #b01419;\">Fragen<\/span> stehen <a href=\"https:\/\/gallehr.flei.dev\/de\/team-gallehrpartner\/\" target=\"_blank\" rel=\"noopener\">wir <\/a><span style=\"color: #b01419;\">Ihnen<\/span> gerne direkt zur Verf\u00fcgung. <\/strong><a href=\"https:\/\/gallehr.flei.dev\/de\/kontakt\/\"><strong>Sprechen Sie uns gerne an.<\/strong><\/a><\/span><\/p>\n<p style=\"text-align: justify;\">GALLEHR+PARTNER<sup>\u00ae<\/sup> ist seit 2007 der erfahrene Lotse f\u00fcr die Wirtschaft auf dem Weg zur CO\u2082-Neutralit\u00e4t. Zu dem Kundenstamm von GALLEHR+PARTNER<sup>\u00ae<\/sup> geh\u00f6rt eine Vielzahl national und international renommierter Unternehmen. Diese ber\u00e4t und unterst\u00fctzt GALLEHR+PARTNER<sup>\u00ae<\/sup> teilweise bis zur vollst\u00e4ndigen eigenverantwortlichen \u00dcbernahme relevanter Prozesse.<\/p>\n","protected":false},"excerpt":{"rendered":"<p>Energieeffizienzgesetz (EnEfG) News: Aktualisiertes Merkblatt zur Plattform f\u00fcr Abw\u00e4rme Am 09. August 2024 hat das Bundesamt f\u00fcr Wirtschaft und Ausfuhrkontrolle [&hellip;]<\/p>\n","protected":false},"author":3,"featured_media":0,"comment_status":"closed","ping_status":"closed","sticky":false,"template":"","format":"standard","meta":{"footnotes":""},"categories":[180,178],"tags":[766,801,802,806,185,732,741,760,761],"class_list":["post-87110","post","type-post","status-publish","format-standard","hentry","category-news","category-archiv","tag-vorbereitendes-verfahren","tag-energieintensiv","tag-foerderung","tag-2-gebotsverfahren","tag-industrie","tag-bmwk","tag-bundesfoerderung","tag-klimaschutzvertraege","tag-foerdermittel"],"_links":{"self":[{"href":"https:\/\/gallehr.flei.dev\/de\/wp-json\/wp\/v2\/posts\/87110","targetHints":{"allow":["GET"]}}],"collection":[{"href":"https:\/\/gallehr.flei.dev\/de\/wp-json\/wp\/v2\/posts"}],"about":[{"href":"https:\/\/gallehr.flei.dev\/de\/wp-json\/wp\/v2\/types\/post"}],"author":[{"embeddable":true,"href":"https:\/\/gallehr.flei.dev\/de\/wp-json\/wp\/v2\/users\/3"}],"replies":[{"embeddable":true,"href":"https:\/\/gallehr.flei.dev\/de\/wp-json\/wp\/v2\/comments?post=87110"}],"version-history":[{"count":0,"href":"https:\/\/gallehr.flei.dev\/de\/wp-json\/wp\/v2\/posts\/87110\/revisions"}],"wp:attachment":[{"href":"https:\/\/gallehr.flei.dev\/de\/wp-json\/wp\/v2\/media?parent=87110"}],"wp:term":[{"taxonomy":"category","embeddable":true,"href":"https:\/\/gallehr.flei.dev\/de\/wp-json\/wp\/v2\/categories?post=87110"},{"taxonomy":"post_tag","embeddable":true,"href":"https:\/\/gallehr.flei.dev\/de\/wp-json\/wp\/v2\/tags?post=87110"}],"curies":[{"name":"wp","href":"https:\/\/api.w.org\/{rel}","templated":true}]}}