{"id":87117,"date":"2024-09-06T16:37:52","date_gmt":"2024-09-06T14:37:52","guid":{"rendered":"https:\/\/gallehr.flei.dev\/?p=87117"},"modified":"2025-10-31T17:32:46","modified_gmt":"2025-10-31T16:32:46","slug":"jobangebot-industrieberaterin-w-m-d-klimaneutralitaet","status":"publish","type":"post","link":"https:\/\/gallehr.flei.dev\/de\/jobangebot-industrieberaterin-w-m-d-klimaneutralitaet\/","title":{"rendered":"Wir suchen Sie als Industrieberaterin (w\/m\/d) Klimaneutralit\u00e4t"},"content":{"rendered":"<h1><strong>Werde Teil der Familie, willkommen bei GALLEHR+PARTNER<sup>\u00ae<\/sup>!<\/strong><\/h1>\n<p>M\u00f6chten Sie Ihre Ideen in zukunftsf\u00e4hige L\u00f6sungen f\u00fcr die Industrie verwandeln?<br \/>\nM\u00f6chten Sie <a href=\"https:\/\/gallehr.flei.dev\/de\/referenzen\/\" target=\"_blank\" rel=\"noopener\">Industrieunternehmen<\/a> auf ihrem Weg in eine klimaneutrale, kreislaufwirtschaftliche und erneuerbare Zukunft unterst\u00fctzen?<\/p>\n<p>Egal, ob es dabei um <a href=\"https:\/\/gallehr.flei.dev\/de\/leistungen\/\" target=\"_blank\" rel=\"noopener\" data-cke-saved-href=\"https:\/\/gallehr.flei.dev\/de\/leistungen\/\">Treibhausgasbilanzierung (CO2 Fu\u00dfabdr\u00fccke), Energieeffizienz, Energie- und Klimamanagement<\/a> geht oder &#8211; vielleicht noch spannender f\u00fcr Sie &#8211; um eine Kombination aller dieser Themen?<\/p>\n<p><strong>Wir suchen Sie als<\/strong><\/p>\n<h2><strong>Industrieberater:in (m\/w\/d) Klimaneutralit\u00e4t <\/strong><\/h2>\n<p>&nbsp;<\/p>\n<p><img decoding=\"async\" class=\"aligncenter wp-image-85035 size-medium\" src=\"https:\/\/gallehr.flei.dev\/wordpress\/wp-content\/uploads\/2021\/02\/Zusammen-300x225.png\" alt=\"Mitarbeitersuche Jobangebot Industrieberater:in (w\/m\/d) Klimaneutralit\u00e4t bei GALLEHR+PARTNER(R)\" width=\"300\" height=\"225\" srcset=\"https:\/\/gallehr.flei.dev\/wp-content\/uploads\/2021\/02\/Zusammen-300x225.png 300w, https:\/\/gallehr.flei.dev\/wp-content\/uploads\/2021\/02\/Zusammen.png 640w\" sizes=\"(max-width: 300px) 100vw, 300px\" \/><\/p>\n<h2>Ihre Aufgaben<\/h2>\n<ul>\n<li><strong>In die Praxis eintauchen:<\/strong> Sie unterst\u00fctzen unsere Kunden bei verschiedenen Themen, angefangen bei der Ermittlung der konkreten Treibhausgasemissionen und Energieeins\u00e4tze \u00fcber die Unterst\u00fctzung bei den relevanten Berichtspflichten bis zur Ert\u00fcchtigung der genutzten Managementsysteme f\u00fcr die Transformation.<br \/>\nHierbei werden Sie bei der Erstellung von genehmigungsf\u00e4higen Energie- und Treibhausgasbilanzen nach gesetzlichen Vorgaben und anerkannten Normen unterst\u00fctzen und die digitalen Treibhausgasregister Deutschlands und der EU kennenlernen. Unsere Ergebnisse werden meistens zertifiziert. Daher lernen Sie auch die Arbeit mit unabh\u00e4ngigen Gutachtern kennen.<\/li>\n<li><strong>Neugierig, innovativ und um die Ecke denkend: <\/strong>Sie sind von Anfang an dabei, gemeinsam mit unserem <a href=\"https:\/\/gallehr.flei.dev\/de\/team-gallehrpartner\/\" target=\"_blank\" rel=\"noopener\" data-cke-saved-href=\"https:\/\/gallehr.flei.dev\/de\/team-gallehrpartner\/\">Team<\/a> Strategien und L\u00f6sungen zu entwickeln, um unsere Kunden auf ihrem Weg zur Klimaneutralit\u00e4t zu begleiten. Interesse an gesellschaftlichen und regulatorischen Rahmenbedingungen sowie kreatives und innovatives Denken sind gefragt.<\/li>\n<li><strong>Souver\u00e4n abwickeln:<\/strong> Sie werden direkten Kundenkontakt haben und gemeinsam mit unserem Team sicherstellen, dass alle Aufgaben f\u00fcr unsere Kunden rechtzeitig erledigt werden und die Kunden sich gut aufgehoben f\u00fchlen und zufrieden sind.<\/li>\n<li><strong>Weiterbildung:<\/strong> Da Sie in einem sehr dynamischen Umfeld arbeiten und Zukunft mitgestalten m\u00fcssen, wird die laufende Weiterbildung zu einem wichtigen Bestandteil des Arbeitsalltags geh\u00f6ren.<\/li>\n<\/ul>\n<h2>Ihr Profil<\/h2>\n<ul>\n<li><strong>Ausbildung:<\/strong> Idealerweise haben Sie eine Ausbildung in einem relevanten Bereich, wie Ingenieur- bzw. Wirtschaftsingenieurwesen, Umweltmanagement, Umweltrecht, einem MINT-Fach oder in einem \u00e4quivalenten Bereich.<\/li>\n<li><strong>Pers\u00f6nlichkeit:<\/strong> Sie sind teamf\u00e4hig, offen, engagiert und neugierig darauf, wie komplexe Aspekte miteinander in Verbindung stehen. Sie sch\u00e4tzen eine Fehlerkultur, bei der Fehler als Lernchancen gesehen und konstruktiv damit umgegangen wird.<\/li>\n<li><strong>Arbeitsweise<\/strong>: Ihre Arbeitsweise zeichnet sich durch Struktur, Pr\u00e4zision, Agilit\u00e4t und Zielstrebigkeit aus. Sie legen hohen Wert auf Exzellenz in Ihrer Arbeit. Sie sind bereit, Ihre Kollegen mit Ihrem Wissen zu unterst\u00fctzen<\/li>\n<li><strong>Genauigkeit und Eigenverantwortung:<\/strong> Fast jedes unserer Ergebnisse wird am Ende von unabh\u00e4ngigen Gutachtern, Wirtschaftspr\u00fcfern und \u00f6ffentlichen Stellen \u00fcberpr\u00fcft und best\u00e4tigt. Daher ist eine strukturierte und eigenverantwortliche Arbeitsweise unerl\u00e4sslich.<\/li>\n<li><strong>Erfahrungen: <\/strong>Idealerweise konnten Sie bereits erste Berufserfahrung in der Industrie sammeln, insbesondere in den Bereichen Energie- und Verfahrenstechnik, Klima- und Umweltschutz.<\/li>\n<li><strong>IT-Know-How:<\/strong> Sehr gute Kenntnisse in der Nutzung von Office-Software, insbesondere Excel, sowie Erfahrung im Umgang mit digitalen Plattformen sind w\u00fcnschenswert.<\/li>\n<li><strong>Motivation:<\/strong> Sie sind motiviert und begeistert f\u00fcr die Herausforderungen, denen sich die Industrie im Rahmen der Energiewende und des Klimaschutzes gegen\u00fcbersieht. Sie haben Interesse an politisch regulatorischen Entwicklungen und an technischen, wirtschaftlichen und nachhaltigen Optimierungsm\u00f6glichkeiten im Hinblick auf die Energiewende und Klimaneutralit\u00e4t.<\/li>\n<li><strong>Sprachen:<\/strong> Sie beherrschen Deutsch auf Verhandlungsniveau. W\u00fcnschenswert sind weiterhin gute Englischkenntnisse in Wort und Schrift.<\/li>\n<\/ul>\n<h2>Was wir Ihnen bieten:<\/h2>\n<ul>\n<li>Bei uns arbeiten Sie in einem Team von engagierten, kompetenten und hochmotivierten Kolleg:innen, die ihre Expertise und Leidenschaft f\u00fcr den Klimaschutz teilen.<\/li>\n<li>Sie arbeiten in einer Umgebung mit flachen Hierarchien, wo Ideen und Vorschl\u00e4ge gesch\u00e4tzt werden und Entscheidungen schnell getroffen werden k\u00f6nnen.<\/li>\n<li>Wir ermutigen zur Kreativit\u00e4t und bieten Ihnen die M\u00f6glichkeit, sich beruflich weiterzuentwickeln.<\/li>\n<li>Wir haben ein weitreichendes Netzwerk im internationalen Klimaschutz, in Verb\u00e4nden, mit Experten und in der Politik, von dem Sie profitieren k\u00f6nnen.<\/li>\n<li>Ihre T\u00e4tigkeit wird abwechslungsreich sein und Sie werden mit internationalen Unternehmen zusammenarbeiten, um sie bei ihren Klimaschutzzielen zu unterst\u00fctzen.<\/li>\n<li>Wir kochen und essen gerne gemeinsam zu Mittag. Deshalb stellen wir die Zutaten f\u00fcr unsere leckeren Speisen kostenlos zur Verf\u00fcgung.<\/li>\n<li>Ihr Hauptarbeitsplatz befindet sich in Wiesbaden in einem repr\u00e4sentativen Altbaub\u00fcro mitten im Zentrum direkt am Luisenplatz und 10 Minuten fu\u00dfl\u00e4ufig vom Hauptbahnhof.<\/li>\n<li>Ein kostenloses &#8222;Deutschlandticket&#8220; und Bahncard 50 bieten Ihnen die M\u00f6glichkeit, bequem und umweltfreundlich zu reisen. An unserem Hauptsitz in Karben k\u00f6nnen Sie dar\u00fcber hinaus kostenfrei ihr Elektroauto aufladen.<\/li>\n<\/ul>\n<h2>Was noch wichtig ist<\/h2>\n<ul>\n<li><strong>Anstellungsart:<\/strong> Die Anstellung ist unbefristet, was Ihnen langfristige Sicherheit bietet.<\/li>\n<li><strong>Startdatum:<\/strong> Die Position ist ab Januar 2025 verf\u00fcgbar.<\/li>\n<li><strong>Arbeitszeit:<\/strong> Sie haben die Wahl zwischen Vollzeit, vollzeitnaher Teilzeit oder Teilzeit. Unser Team ist werktags den ganzen Tag erreichbar. Ihre Arbeitszeit kann flexibel an den eigenen Biorhythmus angepasst werden, solange gen\u00fcgend Zeit f\u00fcr den pers\u00f6nlichen Austausch untereinander bleibt.<\/li>\n<li><strong>Arbeitsort:<\/strong> Wir bieten alle M\u00f6glichkeiten zum mobilen Arbeiten, aber es ist uns wichtig, ausreichend Zeit f\u00fcr pers\u00f6nliche Treffen in unseren B\u00fcros zu haben..<\/li>\n<li><strong>Familienfreundlichkeit:<\/strong> Wir sind ein familienfreundliches Unternehmen und ermutigen insbesondere Ingenieur:innen, die sich in Elternzeit befinden oder diese bereits abgeschlossen haben und wieder in das Berufsleben einsteigen m\u00f6chten, sich bei uns zu bewerben.<\/li>\n<li><strong>Vielfalt:<\/strong> Wir sind stolz darauf, ein vielf\u00e4ltiges und offenes Unternehmen zu sein.<\/li>\n<\/ul>\n<h2>Kontakt<\/h2>\n<p>Wir freuen uns auf Ihre Bewerbung (inklusive Zeugnisse, gerne mit Anschreiben) per E-Mail an: <a href=\"mailto:bewerbung@gallehr.de\">bewerbung@gallehr.de<\/a>. Unsere Beraterin wird sich dann mit Ihnen in Verbindung setzen.<\/p>\n<h2>Wir freuen uns darauf, von Ihnen zu h\u00f6ren und alle Ihre Fragen zu beantworten.<\/h2>\n","protected":false},"excerpt":{"rendered":"<p>Werde Teil der Familie, willkommen bei GALLEHR+PARTNER\u00ae! M\u00f6chten Sie Ihre Ideen in zukunftsf\u00e4hige L\u00f6sungen f\u00fcr die Industrie verwandeln? M\u00f6chten Sie [&hellip;]<\/p>\n","protected":false},"author":2,"featured_media":0,"comment_status":"closed","ping_status":"closed","sticky":false,"template":"","format":"standard","meta":{"footnotes":""},"categories":[180,178],"tags":[344,666,795,796,797,798,799,800],"class_list":["post-87117","post","type-post","status-publish","format-standard","hentry","category-news","category-archiv","tag-klimaneutralitaet","tag-jobsuche","tag-bewerbung","tag-innovativ","tag-zukunft","tag-werte","tag-nachhaltig","tag-vision"],"_links":{"self":[{"href":"https:\/\/gallehr.flei.dev\/de\/wp-json\/wp\/v2\/posts\/87117","targetHints":{"allow":["GET"]}}],"collection":[{"href":"https:\/\/gallehr.flei.dev\/de\/wp-json\/wp\/v2\/posts"}],"about":[{"href":"https:\/\/gallehr.flei.dev\/de\/wp-json\/wp\/v2\/types\/post"}],"author":[{"embeddable":true,"href":"https:\/\/gallehr.flei.dev\/de\/wp-json\/wp\/v2\/users\/2"}],"replies":[{"embeddable":true,"href":"https:\/\/gallehr.flei.dev\/de\/wp-json\/wp\/v2\/comments?post=87117"}],"version-history":[{"count":0,"href":"https:\/\/gallehr.flei.dev\/de\/wp-json\/wp\/v2\/posts\/87117\/revisions"}],"wp:attachment":[{"href":"https:\/\/gallehr.flei.dev\/de\/wp-json\/wp\/v2\/media?parent=87117"}],"wp:term":[{"taxonomy":"category","embeddable":true,"href":"https:\/\/gallehr.flei.dev\/de\/wp-json\/wp\/v2\/categories?post=87117"},{"taxonomy":"post_tag","embeddable":true,"href":"https:\/\/gallehr.flei.dev\/de\/wp-json\/wp\/v2\/tags?post=87117"}],"curies":[{"name":"wp","href":"https:\/\/api.w.org\/{rel}","templated":true}]}}