{"id":87140,"date":"2024-09-30T18:25:47","date_gmt":"2024-09-30T16:25:47","guid":{"rendered":"https:\/\/gallehr.flei.dev\/?p=87140"},"modified":"2025-03-28T12:47:19","modified_gmt":"2025-03-28T11:47:19","slug":"bundesfoerderung-industrie-und-klimaschutz-bik-modul-1-zusammenfassung-und-faq","status":"publish","type":"post","link":"https:\/\/gallehr.flei.dev\/de\/bundesfoerderung-industrie-und-klimaschutz-bik-modul-1-zusammenfassung-und-faq\/","title":{"rendered":"Bundesf\u00f6rderung Industrie und Klimaschutz (BIK) Modul 1 Zusammenfassung und FAQ"},"content":{"rendered":"<h2><strong>Zusammenfassung relevanter Informationen <\/strong><strong>des Modul 1 <\/strong><strong>\u2013 <\/strong><strong>Dekarbonisierung der Industrie<br \/>\n<\/strong><\/h2>\n<p style=\"text-align: justify;\"><span style=\"font-size: 12pt;\">Die Projekttr\u00e4ger des neuen <a href=\"https:\/\/www.klimaschutz-industrie.de\/fileadmin\/kei\/Dateien\/Bundesfoerderung_Industrie_Klimaschutz\/Modul_1\/BMWK_Foerderrichtlinie_BIK_Textfassung_Stand_23-08-2024.pdf\" target=\"_blank\" rel=\"noopener\">F\u00f6rderprogramms \u201eBundesf\u00f6rderung Industrie und Klimaschutz (BIK)\u201c<\/a> haben am 28.08.2024 den ersten F\u00f6rderaufruf zur Einreichung der Skizzen ver\u00f6ffentlicht.<br \/>\n<\/span><\/p>\n<p><span style=\"font-size: 12pt;\">Im Folgenden gibt GALLEHR+PARTNER<sup>\u00ae <\/sup>Ihnen einen \u00dcberblick \u00fcber relevante Informationen und h\u00e4ufig gestellte Fragen (FAQ).<br \/>\n<\/span><\/p>\n<hr \/>\n<h3><strong><span style=\"font-size: 12pt; color: #b01419;\">Hintergrundinformation:<\/span><\/strong><\/h3>\n<p style=\"text-align: justify;\"><span style=\"font-size: 12pt;\">Mithilfe des neuen F\u00f6rderinstruments Bundesf\u00f6rderung Industrie und Klimaschutz sollen klimafreundliche Investitions- sowie Forschungs-, Entwicklungs- und Innovationsvorhaben erm\u00f6glicht werden, welche zu den aktuellen Marktbedingungen noch nicht wirtschaftlich umsetzbar sind. Hierzu werden Unternehmen innerhalb von zwei Modulen gef\u00f6rdert. <\/span><\/p>\n<p style=\"text-align: justify;\"><span style=\"font-size: 12pt;\"><strong>Projekttr\u00e4ger des Modul 1 <\/strong>(Dekarbonisierung der Industrie inklusive anwendungsorientierter Forschung und Entwicklung) ist das <a href=\"https:\/\/www.klimaschutz-industrie.de\/\" target=\"_blank\" rel=\"noopener\"><strong>Kompetenzzentrum Klimaschutz in energieintensiven Industrien (KEI)<\/strong><\/a><br \/>\n<\/span><\/p>\n<p><span style=\"font-size: 12pt;\"><strong>Projekttr\u00e4ger des Modul 2 <\/strong>(Anwendung und Umsetzung von CCU und CCS inklusive anwendungsorientierter Forschung und Entwicklung) ist der <a href=\"https:\/\/www.ptj.de\/projektfoerderung\/klimaschutz\/bundesfoerderung_industrie_und_klimaschutz_foerderung_von_ccus\" target=\"_blank\" rel=\"noopener\"><strong>Projekttr\u00e4ger J\u00fclich (PtJ)<\/strong> <\/a><\/span><\/p>\n<hr \/>\n<h2>Newsletter \u00fcber Bundesf\u00f6rderung Industrie und Klimaschutz (BIK)<\/h2>\n<p>GALLEHR+PARTNER<sup>\u00ae <\/sup>ver\u00f6ffentlicht in den n\u00e4chsten Wochen weitere Teile des BIK-Newsletters. Hier werden insbesondere nochmal detaillierter einzelnen Module und Bestandteile der F\u00f6rderung analysieren<sup>.<\/sup> <a href=\"https:\/\/gallehr.flei.dev\/de\/kontakt\/\" target=\"_blank\" rel=\"noopener\">Melden Sie sich hierzu gerne bei unserem Newsletter an.<\/a><\/p>\n<p>Des Weiteren k\u00f6nnen Sie auch weitere Informationen aus unseren bisherigen Beitr\u00e4gen erhalten:<\/p>\n<ul>\n<li><a href=\"https:\/\/gallehr.flei.dev\/de\/foerderrichtlinie-bundesfoerderung-industrie-und-klimaschutz-bik-veroeffentlicht\/\" target=\"_blank\" rel=\"noopener\">F\u00f6rderrichtlinie Bundesf\u00f6rderung Industrie und Klimaschutz (BIK) ver\u00f6ffentlicht<\/a><\/li>\n<li><a href=\"https:\/\/gallehr.flei.dev\/de\/foerderaufruf-bundesfoerderung-industrie-und-klimaschutz-bik-veroeffentlicht\/\" target=\"_blank\" rel=\"noopener\">F\u00f6rderaufruf Bundesf\u00f6rderung Industrie und Klimaschutz (BIK) ver\u00f6ffentlicht<\/a><\/li>\n<\/ul>\n<hr \/>\n<p>Die relevanten Informationen oder Antworten auf h\u00e4ufig gestellte Fragen k\u00f6nnen Sie separiert nach Teilmodul aus jeweiligen Informationsfenstern entnehmen.<\/p>\n<p>Wir werden die FAQ in regelm\u00e4\u00dfigen Abst\u00e4nden aktualisieren. Wir werden Sie diesbez\u00fcglich wie gewohnt informieren.<\/p>\n<p>Stand des Wissens: 01.10.2024<\/p>\n<h3>Allgemein:<\/h3>\n<p>[sp_easyaccordion id=&#8220;87142&#8243;]<\/p>\n<h3>Teilmodul 1 (Dekarbonisierung industrieller Produktionsprozesse):<\/h3>\n<p>[sp_easyaccordion id=&#8220;87141&#8243;]<\/p>\n<h3>Teilmodul 2 (Dekarbonisierung durch Elektrifizierung und Wasserstoffnutzung) einmalige Beantragung bis 30.11.2024 m\u00f6glich:<\/h3>\n<p>[sp_easyaccordion id=&#8220;87143&#8243;]<\/p>\n<h3>Teilmodul 3 (Forschungs- und Entwicklungvorhaben):<\/h3>\n<p>[sp_easyaccordion id=&#8220;87298&#8243;]<\/p>\n<h3>Weitere Informationen:<\/h3>\n<p><a href=\"https:\/\/www.klimaschutz-industrie.de\/foerderung\/bundesfoerderung-industrie-und-klimaschutz-modul-1\/faq\/\" target=\"_blank\" rel=\"noopener\">Das KEI hat ebenfalls eine FAQ herausgebracht.<\/a> Schauen Sie gerne auch dort vorbei. Bei Fragen melden Sie sich gerne jederzeit bei uns.<\/p>\n<p>&nbsp;<\/p>\n<hr \/>\n<h3 style=\"text-align: justify;\"><strong><span style=\"font-size: 12pt; color: #b11116;\">Hinweis:<\/span><\/strong><\/h3>\n<h4 style=\"text-align: justify;\">GALLEHR+PARTNER<sup>\u00ae<\/sup> unterst\u00fctzt Sie bei Bedarf vollumf\u00e4nglich im Rahmen der Bundesf\u00f6rderung Industrie und Klimaschutz<\/h4>\n<p style=\"text-align: justify;\"><span style=\"font-size: 12pt;\">Unsere Unterst\u00fctzung im Einzelnen:<\/span><\/p>\n<ul>\n<li style=\"text-align: justify;\"><span style=\"font-size: 12pt;\">360\u00b0-Begleitung w\u00e4hrend Skizzeneinreichung und Einreichung des Projektantrags inkl. bei\u00a0allen Berechnungen und Formalit\u00e4ten<\/span><\/li>\n<li style=\"text-align: justify;\"><span style=\"font-size: 12pt;\">Kompatibilit\u00e4tspr\u00fcfung zur Bundesf\u00f6rderung Industrie und Klimaschutz<br \/>\n<\/span><\/li>\n<li><span style=\"font-size: 12pt;\">Unterst\u00fctzung bei strategischen Fragestellungen<\/span><\/li>\n<li><span style=\"font-size: 12pt;\">Einsch\u00e4tzung der Ma\u00dfnahme im gesamten F\u00f6rderumfeld<\/span><\/li>\n<li style=\"text-align: justify;\"><span style=\"font-size: 12pt;\">Strukturierung und Erstellung der erforderlichen Antragsmodalit\u00e4ten<\/span><\/li>\n<li style=\"text-align: justify;\"><span style=\"font-size: 12pt;\">Darlegung des F\u00f6rdermechanismus und F\u00f6rderregelungen<\/span><\/li>\n<li style=\"text-align: justify;\"><span style=\"font-size: 12pt;\">Unterst\u00fctzung bei Erstellung der Skizze <\/span><\/li>\n<li style=\"text-align: justify;\"><span style=\"font-size: 12pt;\">Beratung bei &#8222;Gebotspreis&#8220; hinsichtlich THG-F\u00f6rdermitteleffizienz<\/span><\/li>\n<li style=\"text-align: justify;\"><span style=\"font-size: 12pt;\">Koordination von beteiligten Projektpartner (Beh\u00f6rden, Rechtsberater, Anlagenbauern und Energielieferanten)<\/span><\/li>\n<li style=\"text-align: justify;\"><span style=\"font-size: 12pt;\">Unterst\u00fctzung bei Kommunikation mit dem F\u00f6rdergeber und Begleitung des vollst\u00e4ndigen Beantragungsprozesses<\/span><\/li>\n<\/ul>\n<hr \/>\n<p class=\"reader-text-block__heading2\"><span style=\"font-size: 12pt;\"><strong>Bei weiteren <span style=\"color: #b01419;\">Fragen<\/span> stehen <a href=\"https:\/\/gallehr.flei.dev\/de\/team-gallehrpartner\/\" target=\"_blank\" rel=\"noopener\">wir <\/a><span style=\"color: #b01419;\">Ihnen<\/span> gerne direkt zur Verf\u00fcgung. <\/strong><a href=\"https:\/\/gallehr.flei.dev\/de\/kontakt\/\"><strong>Sprechen Sie uns gerne an.<\/strong><\/a><\/span><\/p>\n<p style=\"text-align: justify;\">GALLEHR+PARTNER<sup>\u00ae<\/sup> ist seit 2007 der erfahrene Lotse f\u00fcr die Wirtschaft auf dem Weg zur CO\u2082-Neutralit\u00e4t. Zu dem Kundenstamm von GALLEHR+PARTNER<sup>\u00ae<\/sup> geh\u00f6rt eine Vielzahl national und international renommierter Unternehmen. Diese ber\u00e4t und unterst\u00fctzt GALLEHR+PARTNER<sup>\u00ae<\/sup> teilweise bis zur vollst\u00e4ndigen eigenverantwortlichen \u00dcbernahme relevanter Prozesse.<\/p>\n<hr \/>\n<p><span style=\"font-size: 8pt;\">GALLEHR+PARTNER<sup>\u00ae<\/sup> nutzt KI-Tools, u.a. zur Unterst\u00fctzung bei der Erstellung von Beitr\u00e4gen. Die Korrektheit der Inhalte und Informationen ist durch die Fachkompetenz unserer Mitarbeitenden sichergestellt.<\/span><\/p>\n<p><span style=\"font-size: 8pt;\">Bei Fragen zu Inhalten k\u00f6nnen Sie sich gerne an <a href=\"mailto:kontakt@gallehr.de\" target=\"_blank\" rel=\"noopener\">kontakt@gallehr.de<\/a> wenden.<\/span><\/p>\n","protected":false},"excerpt":{"rendered":"<p>Zusammenfassung relevanter Informationen des Modul 1 \u2013 Dekarbonisierung der Industrie Die Projekttr\u00e4ger des neuen F\u00f6rderprogramms \u201eBundesf\u00f6rderung Industrie und Klimaschutz (BIK)\u201c [&hellip;]<\/p>\n","protected":false},"author":3,"featured_media":0,"comment_status":"closed","ping_status":"closed","sticky":false,"template":"","format":"standard","meta":{"footnotes":""},"categories":[832,180,178],"tags":[761,766,801,802,806,185,732,741,760],"class_list":["post-87140","post","type-post","status-publish","format-standard","hentry","category-transformationsbegleitung","category-news","category-archiv","tag-foerdermittel","tag-vorbereitendes-verfahren","tag-energieintensiv","tag-foerderung","tag-2-gebotsverfahren","tag-industrie","tag-bmwk","tag-bundesfoerderung","tag-klimaschutzvertraege"],"_links":{"self":[{"href":"https:\/\/gallehr.flei.dev\/de\/wp-json\/wp\/v2\/posts\/87140","targetHints":{"allow":["GET"]}}],"collection":[{"href":"https:\/\/gallehr.flei.dev\/de\/wp-json\/wp\/v2\/posts"}],"about":[{"href":"https:\/\/gallehr.flei.dev\/de\/wp-json\/wp\/v2\/types\/post"}],"author":[{"embeddable":true,"href":"https:\/\/gallehr.flei.dev\/de\/wp-json\/wp\/v2\/users\/3"}],"replies":[{"embeddable":true,"href":"https:\/\/gallehr.flei.dev\/de\/wp-json\/wp\/v2\/comments?post=87140"}],"version-history":[{"count":0,"href":"https:\/\/gallehr.flei.dev\/de\/wp-json\/wp\/v2\/posts\/87140\/revisions"}],"wp:attachment":[{"href":"https:\/\/gallehr.flei.dev\/de\/wp-json\/wp\/v2\/media?parent=87140"}],"wp:term":[{"taxonomy":"category","embeddable":true,"href":"https:\/\/gallehr.flei.dev\/de\/wp-json\/wp\/v2\/categories?post=87140"},{"taxonomy":"post_tag","embeddable":true,"href":"https:\/\/gallehr.flei.dev\/de\/wp-json\/wp\/v2\/tags?post=87140"}],"curies":[{"name":"wp","href":"https:\/\/api.w.org\/{rel}","templated":true}]}}