{"id":87331,"date":"2024-11-06T17:59:39","date_gmt":"2024-11-06T16:59:39","guid":{"rendered":"https:\/\/gallehr.flei.dev\/?p=87331"},"modified":"2025-05-09T09:31:20","modified_gmt":"2025-05-09T07:31:20","slug":"spk-vorbereitung-der-pruefung-oekologischer-gegenleistungen-im-jahr-2025","status":"publish","type":"post","link":"https:\/\/gallehr.flei.dev\/de\/spk-vorbereitung-der-pruefung-oekologischer-gegenleistungen-im-jahr-2025\/","title":{"rendered":"SPK &#8211; Vorbereitung der Pr\u00fcfung \u00f6kologischer Gegenleistungen im Jahr 2025"},"content":{"rendered":"<h2><strong>Strompreiskompensation: Vorbereitung der Pr\u00fcfung von Energieeffizenzma\u00dfnahmen<\/strong><\/h2>\n<hr \/>\n<p>Im Geiste des Sprichwortes \u201eVorsicht ist besser als Nachsicht\u201c wollen wir Sie auf die neuen Anforderungen zum Nachweis der \u00f6kologischen im Rahmen der SPK vorbereiten. Die DEHSt wird sich zu den genaueren Formalit\u00e4ten erst mit dem neuen SPK-Leitfaden im kommenden Jahr detaillierter \u00e4u\u00dfern. Die neueste Bekanntmachung der DEHSt vom 09.10.2024 sehen Sie hier. <a href=\"#_ftn1\" name=\"_ftnref1\">[1]<\/a>\u00a0Es wird also kommendes Jahr wieder spannend. Es w\u00e4re allerdings ung\u00fcnstig bis zur Ver\u00f6ffentlichung des Leitfadens mit der Vorbereitung zu warten. Warum? Das zeigen wir Ihnen im folgenden Beitrag.<\/p>\n<h3><strong><span style=\"font-size: 12pt; color: #b01419;\">Hinweis:<\/span><\/strong><\/h3>\n<p><strong>Dieser Artikel behandelt insbesondere den Nachweis der Umsetzung von Energieeffizienzma\u00dfnahmen. Die M\u00f6glichkeit der Erf\u00fcllung durch den Kauf bestimmter Gr\u00fcnstrom-HKNs werden in einem gesonderten Beitrag betrachtet.<\/strong><\/p>\n<hr \/>\n<h3><strong>Ihre Nachweispflichten<\/strong><\/h3>\n<h4><u>Energiemanagementsystem:<\/u><\/h4>\n<p style=\"text-align: justify;\">Auch f\u00fcr das Abrechnungsjahr 2024 muss die Existenz eines ISO 50001 zertifizierten Energiemanagementsystems nachgewiesen werden. Die Nachweiserfordernisse entsprechen denen des vergangenen Abrechnungsjahres (G\u00fcltigkeit des Zertifikats f\u00fcr Zeitraum und Standorte des Unternehmens).<\/p>\n<h4><u>Verpflichtungserkl\u00e4rung und Energieeffizienzma\u00dfnahmen:<\/u><\/h4>\n<p style=\"text-align: justify;\">Bis zu diesem Punkt gab es keine nennenswerte \u00dcberpr\u00fcfung der Pflicht zu Investitionen in Energieeffizienzma\u00dfnahmen. Dies erfolgt r\u00fcckwirkend mit dem Abrechnungsjahr 2024 f\u00fcr alle Abrechnungsjahre ab inkl. 2021. D.h. im n\u00e4chsten Antrag werden die angegebenen Energieeffizienzma\u00dfnahmen der Abrechnungsjahre 2021-2024 r\u00fcckwirkend gepr\u00fcft.<\/p>\n<p style=\"text-align: justify;\">Mit dem SPK-Antrag werden voraussichtlich die folgenden Angaben f\u00fcr jedes Abrechnungsjahr gepr\u00fcft werden m\u00fcssen<a href=\"#_ftn1\" name=\"_ftnref1\">[1]<\/a>:<\/p>\n<ol style=\"text-align: justify;\">\n<li>Korrektheit der (in diesem Antrag) angegebenen vergangenen Verpflichtungssummen<\/li>\n<li>Die kumulierten Investitionen der f\u00fcr dieses Jahr abgerechneten Energieeffizienzma\u00dfnahmen entsprechen mindestens der Verpflichtungssumme<\/li>\n<li>F\u00fcr jede abgerechnete Ma\u00dfnahme:\n<ul>\n<li>Zeitpunkt der Umsetzung der Ma\u00dfnahme<\/li>\n<li>Zeitpunkt definiert durch Abschluss der Ma\u00dfnahme oder Auftragsvergabe<\/li>\n<li>Abrechnungsjahr<\/li>\n<li>Investitionsvolumen (abz\u00fcglich F\u00f6rderung Dritter)<\/li>\n<li>Ob Investitionskosten zu der Ma\u00dfnahme in einem anderen Antrag schon geltend gemacht wurden (Fangfrage)<\/li>\n<li>Energietr\u00e4gerverbrauch der eingespart wird<\/li>\n<li>H\u00f6he der Einsparung<a href=\"#_ftn2\" name=\"_ftnref2\">[2]<\/a><\/li>\n<li>Methodik der erfolgten Wirtschaftlichkeitsberechnung<\/li>\n<li>Derzeit KEINE Pflichtangabe (wird aber abgefragt): Amortisationszeit<\/li>\n<\/ul>\n<\/li>\n<li>F\u00fcr jede nicht abgerechnete aber identifizierte Energieeffizienz-Ma\u00dfnahme:\n<ul>\n<li>Amortisationszeit ist unter 3 Jahren (eigentlich nur n\u00f6tig falls die Verpflichtungserkl\u00e4rungssumme kleiner ist als die Beihilfesumme ist)<\/li>\n<\/ul>\n<\/li>\n<\/ol>\n<h4 style=\"text-align: justify;\"><u>Es wurden keine wirtschaftlichen Energieeffizienzma\u00dfnahmen identifiziert:<\/u><\/h4>\n<p style=\"text-align: justify;\">In dem Fall muss der Pr\u00fcfer (wenn nicht der EnMS-Auditor des Unternehmens) im Prinzip ein kleines EnMS-Audit durchf\u00fchren.<\/p>\n<p style=\"text-align: justify;\">Insbesondere wird der Prozess der Energieeffizienzma\u00dfnahmen-Identifikation im Unternehmen gepr\u00fcft. Es wird hierbei die Kette von der Identifikation eines Einsparpotentials bis zur genaueren Wirtschaftlichkeitsbetrachtung, inklusive zugrunde liegender Annahmen beleuchtet. Dabei wird auch gepr\u00fcft, ob alte Projekte bei gr\u00f6\u00dferen Ver\u00e4nderungen von Berechnungsparametern (zum Bsp. Energiepreisentwicklung) neubewertet wurden.<\/p>\n<p style=\"text-align: justify;\">Genaueres zu den verlangten Pr\u00fcfungsleistungen steht im Leitfaden \u201e\u00d6kologische Gegenleistungen: Leitf\u00e4den f\u00fcr pr\u00fcfungsbefugte Stellen\u201c, S. 36 bzw. Anhang 3.<\/p>\n<p style=\"text-align: justify;\"><strong>GALLEHR+PARTNER<sup>\u00ae<\/sup> empfiehlt m\u00f6glichst fr\u00fchzeitig den dem Unternehmen bekannten EnMS-Auditor zu beauftragen, um zus\u00e4tzliche Aufw\u00e4nde vermeiden zu k\u00f6nnen.<\/strong><\/p>\n<h3><strong>Allgemeine Pr\u00fcfanforderungen und Pr\u00fcfkonstellationen<\/strong><\/h3>\n<h4><u>Offizielle Anforderungen<\/u><\/h4>\n<p style=\"text-align: justify;\">F\u00fcr die Pr\u00fcfung von SPK- FRL-Pfad 4.2.1 a) &#8211; c) sind in Abrechnungsjahr 2024 ebenfalls wieder die folgenden pr\u00fcfungsbefugten Stellen zugelassen:<\/p>\n<ul style=\"text-align: justify;\">\n<li>DAkkS akkreditierte Pr\u00fcfstelle f\u00fcr die Zertifizierung eines ISO 50001 Energiemanagementsystems<\/li>\n<li>oder ein von der DAU zugelassener Umweltgutachter f\u00fcr Umweltmanagementsysteme (nur EMAS, nicht ISO 14001)<\/li>\n<\/ul>\n<p style=\"text-align: justify;\">Zus\u00e4tzlich wird f\u00fcr das Verschicken des Nachweis-Formulars ein VPS-Zugang und eine Signaturkarte der akkreditierten Pr\u00fcfstelle ben\u00f6tigt.<\/p>\n<h4><u>Pr\u00fcfkonstellationen<\/u><\/h4>\n<p style=\"text-align: justify;\">Die DEHSt geht davon aus, dass die \u00f6GL-Pr\u00fcfung im Rahmen des \u00dcberwachungs-Audits als weiterer Pr\u00fcfungsaspekt der Zertifizierstelle vorgenommen wird. Dies wird nach aller Vorraussicht nicht immer der Fall sein.<\/p>\n<p style=\"text-align: justify;\">Dabei sind in der Praxis im wesentlichen zwei F\u00e4lle m\u00f6glich:<\/p>\n<ol style=\"text-align: justify;\">\n<li><u>Pr\u00fcfstelle und EnMS-Zertifizierer\/EMAS-Gutachter sind personengleich<\/u><\/li>\n<\/ol>\n<p style=\"text-align: justify;\">Das Nachweis-Formular wird voraussichtlich, wie letztes Jahr, aus dem SPK-Antrag heraus generiert werden. Damit wird es realistisch erst ca. Anfang Mai zur direkten Pr\u00fcfung vorliegen.<\/p>\n<p style=\"text-align: justify;\">Dies hat zur Folge:<\/p>\n<ol style=\"text-align: justify;\">\n<li>Es werden mehrere Monate zwischen der Vorort-Pr\u00fcfung im Rahmen des \u00dcberwachungs-Audits und der Dokumentation im FMS liegen. Eine gute Zwischendokumentation ist deshalb unerl\u00e4sslich.<\/li>\n<li>Es h\u00e4ngt von der Pr\u00fcfstelle ab, wieviel sie vor Ort zum Termin des \u00dcberwachungs-Audits genauer pr\u00fcfen m\u00f6chte.<\/li>\n<\/ol>\n<p style=\"text-align: justify;\">Es ist davon auszugehen, dass die Pr\u00fcfstelle mindestens vor Ort die Wirtschaftlichkeitsbewertung\u00a0 (im Falle der SPK die Amortisationszeitmethode) \u00fcberpr\u00fcfen werden und sich gegebenenfalls einzelne umgesetzte Ma\u00dfnahmen zeigen lassen. Allerdings k\u00f6nnte zum Zeitpunkt des EnMS-Audits auch schon eine komplette Pr\u00fcfung erfolgen, siehe Kapitel (Ihre Nachweispflicht). Es ist sinnvoll schon zum Audit voll vorbereitet zu sein..<\/p>\n<ol style=\"text-align: justify;\" start=\"2\">\n<li><u>Die Pr\u00fcfstelle ist nicht der EnMS-Zertifizierer\/EMAS-Gutachter <\/u><\/li>\n<\/ol>\n<p style=\"text-align: justify;\">Hier sind zwei M\u00f6glichkeiten vorgesehen.<\/p>\n<ul style=\"text-align: justify;\">\n<li>Der <u>EnMS-Zertifizierer\/EMAS-Gutachter <\/u>pr\u00fcft alle f\u00fcr die SPK notwendigen Nachweise mit. Dieser muss seine Ergebnisse dann \u201eausreichend dokumentieren\u201c<a href=\"#_ftn4\" name=\"_ftnref4\">[3]<\/a>, so dass die sp\u00e4tere Pr\u00fcfstelle dies nachvollziehen kann.<\/li>\n<li>Der <u>EnMS-Zertifizierer\/EMAS-Gutachter <\/u>pr\u00fcft nur die Wirtschaftlichkeitsbetrachtung mit der Amortisationszeitmethode (als Teil des EnMS-Audits). Dies hat zur Folge, dass die \u00f6GL-Pr\u00fcfstelle die anderen Pr\u00fcfhandlungen unabh\u00e4ngig durchf\u00fchren muss.<\/li>\n<\/ul>\n<p style=\"text-align: justify;\"><strong>Es gilt: Bei einer Fremdzertifizierung ist die pr\u00fcfungsbefugte Stelle zu einer Vor-Ort-Pr\u00fcfung \u201eim Regelfall\u201c<a href=\"#_ftn5\" name=\"_ftnref5\">[4]<\/a> verpflichtet.<\/strong><\/p>\n<ul>\n<li style=\"text-align: justify;\">Sprechen Sie sich mit ihrer Pr\u00fcfstelle und Ihrem <u>EnMS-Zertifizierer\/EMAS-Gutachter<\/u> ab, welcher Fall f\u00fcr Sie gilt.<\/li>\n<\/ul>\n<h3><strong>Checkliste zur Vorbereitung der Pr\u00fcfung:<\/strong><\/h3>\n<p style=\"text-align: justify;\">Das Thema ist neu. Die Anforderungen wurden erst \u00fcber die Jahre konkreter und es gibt derzeit kein einge\u00fcbtes Pr\u00fcfschema. Zus\u00e4tzlich ist weiterhin eine personelle Knappheit der Pr\u00fcfstellen zu erwarten.<\/p>\n<p style=\"text-align: justify;\">GALLEHR+PARTNER<sup>\u00ae <\/sup>hat daher eine Checkliste erstellt um Sie bei dem Thema zu unterst\u00fctzen.<\/p>\n<h4><strong>Organisatorisch:<\/strong><\/h4>\n<p style=\"text-align: justify;\">Die folgenden Punkte sollten <strong>noch in diesem Jahr<\/strong> gekl\u00e4rt werden.<\/p>\n<ol>\n<li style=\"text-align: justify;\">Informieren sie ihre Zertifizierer \u00fcber ihren Wunsch die \u00f6GL im Rahmen der SPK ebenfalls durch diesen pr\u00fcfen zu lassen. Dies gilt insbesondere, wenn Sie im vergangenen Jahr einen anderen Auditor gew\u00e4hlt haben\/w\u00e4hlen mussten.<\/li>\n<li style=\"text-align: justify;\">Sprechen Sie insbesondere die Thematik mit der Signaturkarte und dem VPS-Zugang an. Machen Sie es gegebenenfalls zur Bedingung f\u00fcr die Beauftragung. (Wichtig: Signaturkarten k\u00f6nnen auch ablaufen!)<\/li>\n<li style=\"text-align: justify;\">Planen Sie das Budget daf\u00fcr ein und informieren Sie die potentielle Pr\u00fcfstelle f\u00fcr welche Beihilfe die Pr\u00fcfleistung ben\u00f6tigt wird. (SPK, BECV oder\/und BesAR)<\/li>\n<li style=\"text-align: justify;\">Falls n\u00f6tig, beauftragen Sie die weitere pr\u00fcfungsbefugte Stelle fr\u00fchzeitig.<\/li>\n<li style=\"text-align: justify;\">Der Zeitpunkt des\/der betreffenden \u00dcberwachungs-Audits sollte vor Ende April liegen, da die Managementbewertung Grundlage der SPK-\u00d6GL-Nachweise-Pr\u00fcfung ist ( und damit auch die Wirtschaftlichkeitsbewertung in der verlangten \u201eKonsistenz\u201c)<\/li>\n<\/ol>\n<h4><strong>Inhaltlich:<\/strong><\/h4>\n<p style=\"text-align: justify;\">Die nachfolgenden Punkte <strong>sollten vor ihrem j\u00e4hrlichen \u00dcberwachungs-Audit des Energiemanagementsystems<\/strong> gekl\u00e4rt sein:<\/p>\n<ol>\n<li style=\"text-align: justify;\">Steht die Wirtschaftlichkeitsbewertung mit Amortisationsmethode f\u00fcr alle Energieeffizienz-Ma\u00dfnahmen?<\/li>\n<li style=\"text-align: justify;\">Verschaffen Sie sich einen \u00dcberblick \u00fcber die Verpflichtungssummen der Abrechnungsjahre 2021, 2022, 2023 und 2024!<\/li>\n<li>Wurden die im Zeitplan aufgef\u00fchrten Ma\u00dfnahmen umgesetzt?<\/li>\n<li style=\"text-align: justify;\">Ist es m\u00f6glich die Investitionen f\u00fcr die jeweiligen Ma\u00dfnahmen nachzuvollziehen?<\/li>\n<li style=\"text-align: justify;\">Stimmen die summierten Investitionssummen (ohne F\u00f6rdermittel) mit der Verpflichtungssumme \u00fcberein?<\/li>\n<li style=\"text-align: justify;\">Wurden Investitionen bei anderen Beihilfen (insb. BesAR BECV) angegeben? Es darf nicht doppelt abgerechnet werden!<\/li>\n<\/ol>\n<p><strong>Sollten Sie weiteren Unterst\u00fctzungsbedarf bei der Nachweisf\u00fchrung der \u00f6GL haben, kontaktieren Sie uns gerne fr\u00fchzeitig.<\/strong><\/p>\n<p>[1] Ausgehend von dem jetzigen CLK-Nachweis im Rahmen de BECV<br \/>\n[2] Es ist weiterhin nicht klar ob eine realisierte oder erwartete Energieeinsparung gemeint ist.<br \/>\n[3] <a href=\"https:\/\/www.dehst.de\/SharedDocs\/downloads\/DE\/nehs\/clk-spk-oegl-leitfaden-pruefstellen.html\">Leitfaden f\u00fcr Pr\u00fcfungsbefugte Stellen: \u00d6kologische Gegenleistungen CLK und SPK<\/a>, S.14<br \/>\n[4]<a href=\"https:\/\/www.dehst.de\/SharedDocs\/downloads\/DE\/nehs\/clk-spk-oegl-leitfaden-pruefstellen.html\"> Leitfaden f\u00fcr Pr\u00fcfungsbefugte Stellen: \u00d6kologische Gegenleistungen CLK und SPK,<\/a> S. 20, Kasten<\/p>\n<hr \/>\n<h3 style=\"text-align: justify;\"><strong><span style=\"font-size: 12pt; color: #b11116;\">Hinweis:<\/span><\/strong><\/h3>\n<h4 style=\"text-align: justify;\">GALLEHR+PARTNER<sup>\u00ae<\/sup> unterst\u00fctzt Sie bei Bedarf vollumf\u00e4nglich im Rahmen der Antragsstellung zur Strompreiskompensation<\/h4>\n<p style=\"text-align: justify;\"><span style=\"font-size: 12pt;\">Unsere Unterst\u00fctzung im Einzelnen:<\/span><\/p>\n<ul>\n<li>Identifizierung der Beihilfef\u00e4higkeit einer Anlage<\/li>\n<li>Pr\u00fcfung der \u00fcbermittelten Daten auf Vollst\u00e4ndigkeit und Plausbilit\u00e4t<\/li>\n<li>Erstellung der Behilfeantr\u00e4ge im erforderlichen Format<\/li>\n<li>Koordination der Antragsbeteiligten (Beh\u00f6rden, Pr\u00fcfstellen, Kunden-Ansprechpartner)<\/li>\n<li>Unterst\u00fctzung bei Kommunikation mit der Beh\u00f6rde und VPS-Backup f\u00fcr Antragsversendung<\/li>\n<li>Diesj\u00e4hrig Begleitung bei Vor-Ort-Audit-Terminen f\u00fcr die Nachweispr\u00fcfung<\/li>\n<li>Unterst\u00fctzung bei der Erf\u00fcllungsoption des Bezugs von Gr\u00fcnstrom<\/li>\n<li>Diskussion von strategischen Fragestellungen<\/li>\n<li>Darlegung der sich \u00e4ndernden Beihilfe-Modalit\u00e4ten<\/li>\n<li>Informationsveranstaltung zu den Nachweis-Anforderungen bez\u00fcglich des beihilfe\u00fcbergreifenden Themengebiets &#8222;\u00f6kologische Gegenleistungen&#8220;<\/li>\n<li>Vorbereitung zur Nachweis-Erstellung f\u00fcr die Erf\u00fcllung der \u00f6kologischen Gegenleistungen<\/li>\n<\/ul>\n<hr \/>\n<p class=\"reader-text-block__heading2\"><span style=\"font-size: 12pt;\"><strong>Bei weiteren <span style=\"color: #b01419;\">Fragen<\/span> stehen <a href=\"https:\/\/gallehr.flei.dev\/de\/team-gallehrpartner\/\" target=\"_blank\" rel=\"noopener\">wir <\/a><span style=\"color: #b01419;\">Ihnen<\/span> gerne direkt zur Verf\u00fcgung. <\/strong><a href=\"https:\/\/gallehr.flei.dev\/de\/kontakt\/\"><strong>Sprechen Sie uns gerne an.<\/strong><\/a><\/span><\/p>\n<p style=\"text-align: justify;\">GALLEHR+PARTNER<sup>\u00ae<\/sup> ist seit 2007 der erfahrene Lotse f\u00fcr die Wirtschaft auf dem Weg zur CO\u2082-Neutralit\u00e4t. Zu dem Kundenstamm von GALLEHR+PARTNER<sup>\u00ae<\/sup> geh\u00f6rt eine Vielzahl national und international renommierter Unternehmen. Diese ber\u00e4t und unterst\u00fctzt GALLEHR+PARTNER<sup>\u00ae<\/sup> teilweise bis zur vollst\u00e4ndigen eigenverantwortlichen \u00dcbernahme relevanter Prozesse.<\/p>\n<hr \/>\n<p style=\"text-align: justify;\"><span style=\"font-size: 8pt;\">GALLEHR+PARTNER<sup>\u00ae<\/sup> nutzt KI-Tools, u.a. zur Unterst\u00fctzung bei der Erstellung von Beitr\u00e4gen. Die Korrektheit der Inhalte und Informationen ist durch die Fachkompetenz unserer Mitarbeitenden sichergestellt. <\/span><span style=\"font-size: 8pt;\">Bei Fragen zu Inhalten k\u00f6nnen Sie sich gerne an <a href=\"mailto:kontakt@gallehr.de\" target=\"_blank\" rel=\"noopener\">kontakt@gallehr.de<\/a> wenden.<\/span><\/p>\n","protected":false},"excerpt":{"rendered":"<p>Strompreiskompensation: Vorbereitung der Pr\u00fcfung von Energieeffizenzma\u00dfnahmen Im Geiste des Sprichwortes \u201eVorsicht ist besser als Nachsicht\u201c wollen wir Sie auf die [&hellip;]<\/p>\n","protected":false},"author":17,"featured_media":0,"comment_status":"closed","ping_status":"closed","sticky":false,"template":"","format":"standard","meta":{"footnotes":""},"categories":[848,849,180,178],"tags":[185,204,207,215,732,741,752,757,801,802],"class_list":["post-87331","post","type-post","status-publish","format-standard","hentry","category-strompreiskompensation","category-oekologische-gegenleistungen","category-news","category-archiv","tag-industrie","tag-dehst","tag-strompreiskompensation","tag-beihilfe-fur-indirekte-co2-kosten","tag-bmwk","tag-bundesfoerderung","tag-oekologische-gegenleistungen-und-verpflichtungen","tag-oekologischegegenleistungen","tag-energieintensiv","tag-foerderung"],"_links":{"self":[{"href":"https:\/\/gallehr.flei.dev\/de\/wp-json\/wp\/v2\/posts\/87331","targetHints":{"allow":["GET"]}}],"collection":[{"href":"https:\/\/gallehr.flei.dev\/de\/wp-json\/wp\/v2\/posts"}],"about":[{"href":"https:\/\/gallehr.flei.dev\/de\/wp-json\/wp\/v2\/types\/post"}],"author":[{"embeddable":true,"href":"https:\/\/gallehr.flei.dev\/de\/wp-json\/wp\/v2\/users\/17"}],"replies":[{"embeddable":true,"href":"https:\/\/gallehr.flei.dev\/de\/wp-json\/wp\/v2\/comments?post=87331"}],"version-history":[{"count":0,"href":"https:\/\/gallehr.flei.dev\/de\/wp-json\/wp\/v2\/posts\/87331\/revisions"}],"wp:attachment":[{"href":"https:\/\/gallehr.flei.dev\/de\/wp-json\/wp\/v2\/media?parent=87331"}],"wp:term":[{"taxonomy":"category","embeddable":true,"href":"https:\/\/gallehr.flei.dev\/de\/wp-json\/wp\/v2\/categories?post=87331"},{"taxonomy":"post_tag","embeddable":true,"href":"https:\/\/gallehr.flei.dev\/de\/wp-json\/wp\/v2\/tags?post=87331"}],"curies":[{"name":"wp","href":"https:\/\/api.w.org\/{rel}","templated":true}]}}