{"id":87612,"date":"2025-01-28T10:50:43","date_gmt":"2025-01-28T09:50:43","guid":{"rendered":"https:\/\/gallehr.flei.dev\/?p=87612"},"modified":"2025-03-28T12:42:24","modified_gmt":"2025-03-28T11:42:24","slug":"analyse-der-wahlprogramme-bundestagswahl-2025","status":"publish","type":"post","link":"https:\/\/gallehr.flei.dev\/de\/analyse-der-wahlprogramme-bundestagswahl-2025\/","title":{"rendered":"Analyse der Wahlprogramme \u2013 <br> Bundestagswahl 2025"},"content":{"rendered":"<h2>Untersuchung der Industrie-, Energie- und Klimapolitik der Parteiprogramme<\/h2>\n<hr \/>\n<h3><span style=\"color: #b11116;\"><strong>Hintergrundinformation:<\/strong><\/span><\/h3>\n<p style=\"text-align: justify;\"><span style=\"font-size: 12pt;\">Zusammen mit unserem Partner ACT Group konnten wir am 16. Januar ein erfolgreiches Webinar zum <a href=\"https:\/\/gallehr.flei.dev\/de\/gallehrpartner-act-commodities-veranstaltungsreihe-industrieumfeld\/\" target=\"_blank\" rel=\"noopener\">&#8222;Politik- und Marktumfeld der energieintensiven Industrie&#8220;<\/a> veranstalten. Fokusthema dieses Webinars waren die industrie-, energie- und klimapolitischen Ausrichtungen der Parteien f\u00fcr die Bundestagswahl 2025 in Deutschland.<\/span><\/p>\n<hr \/>\n<h3>Analyse der Wahlprogramme<\/h3>\n<p><span style=\"font-size: 12pt;\">Die kommende Bundestagswahl wird f\u00fcr die gesamte, aber insbesondere die energieintensive Industrie richtungsweisend. <\/span><span style=\"font-size: 12pt;\">Deshalb haben wir die Wahlprogramme, der zur Wahl stehenden Parteien mit Chancen auf Pl\u00e4tze im n\u00e4chsten Bundestag untersucht. Die Reihenfolge unserer Analyse folgt den aktuellen Umfragewerten. Schwerpunkt unserer Analyse waren die industrie-, energie- und klimapolitischen Ausrichtungen der Parteien f\u00fcr die Bundestagswahl 2025 in Deutschland. Bei den untersuchten Parteiprogrammen handelt es sich um diejenigen von:<\/span><\/p>\n<p><span style=\"font-size: 12pt;\">&#8211; CDU<\/span><br \/>\n<span style=\"font-size: 12pt;\">&#8211; AfD<\/span><br \/>\n<span style=\"font-size: 12pt;\">&#8211; SPD<\/span><br \/>\n<span style=\"font-size: 12pt;\">&#8211; DIE GR\u00dcNEN<\/span><br \/>\n<span style=\"font-size: 12pt;\">&#8211; BSW<\/span><br \/>\n<span style=\"font-size: 12pt;\">&#8211; FDP<\/span><br \/>\n<span style=\"font-size: 12pt;\">&#8211; Die Linke<\/span><\/p>\n<p><span style=\"font-size: 12pt;\">Gemeinsamkeiten und Unterschiede zu einzelnen Themen wurden ausgearbeitet. Wir haben gro\u00dfen Wert daraufgelegt, die reinen Informationen aus dem Wahlprogramm darzulegen, ohne selbst Stellung zu beziehen. Diese Erkenntnisse wollen wir nun mit Ihnen teilen. Unsere Pr\u00e4sentationfolien inkl. der Analyse der Wahlprogramme stehen Ihnen kostenlos zur Verf\u00fcgung.<br \/>\n<\/span><\/p>\n\n<div\n    class='wp-block-pdfp-pdf-poster  alignnone'\n    id='block-1'\n    data-attributes='{&quot;file&quot;:&quot;https:\\\/\\\/gallehr.flei.dev\\\/wordpress\\\/wp-content\\\/uploads\\\/2025\\\/01\\\/Gallehr_Parteiprogrammanalyse_Bundestagswahl_V1.pdf&quot;,&quot;height&quot;:&quot;575px&quot;,&quot;width&quot;:&quot;125%&quot;,&quot;align&quot;:&quot;none&quot;,&quot;alignment&quot;:&quot;left&quot;,&quot;title&quot;:&quot;&quot;,&quot;titleFontSize&quot;:&quot;16px&quot;,&quot;showName&quot;:false,&quot;print&quot;:false,&quot;onlyPDF&quot;:false,&quot;defaultBrowser&quot;:false,&quot;downloadButton&quot;:false,&quot;downloadButtonText&quot;:&quot;Download File&quot;,&quot;fullscreenButton&quot;:true,&quot;fullscreenButtonText&quot;:&quot;View Fullscreen&quot;,&quot;actionsPosition&quot;:&quot;top&quot;,&quot;newWindow&quot;:false,&quot;protect&quot;:false,&quot;thumbMenu&quot;:false,&quot;sidebarOpen&quot;:false,&quot;initialPage&quot;:0,&quot;alert&quot;:false,&quot;lastVersion&quot;:false,&quot;hrScroll&quot;:false,&quot;isHideRightToolbar&quot;:false,&quot;additional&quot;:{&quot;ID&quot;:&quot;&quot;,&quot;Class&quot;:&quot;&quot;,&quot;CSS&quot;:&quot;&quot;},&quot;adobeEmbedder&quot;:false,&quot;adobeOptions&quot;:{&quot;showDownloadPDF&quot;:true,&quot;showPrintPDF&quot;:true,&quot;showAnnotationTools&quot;:true,&quot;showFullScreen&quot;:false,&quot;embedMode&quot;:&quot;SIZED_CONTAINER&quot;},&quot;popupOptions&quot;:{&quot;enabled&quot;:false,&quot;triggerType&quot;:&quot;button&quot;,&quot;image&quot;:&quot;&quot;,&quot;imagePdfIcon&quot;:true,&quot;imageHeight&quot;:&quot;200px&quot;,&quot;imageWidth&quot;:&quot;300px&quot;,&quot;text&quot;:&quot;Open PDF&quot;,&quot;btnStyle&quot;:{&quot;background&quot;:&quot;#2271b1&quot;,&quot;color&quot;:&quot;#fff&quot;,&quot;fontSize&quot;:&quot;16px&quot;,&quot;padding&quot;:{&quot;top&quot;:10,&quot;right&quot;:20,&quot;bottom&quot;:10,&quot;left&quot;:10}}},&quot;popupBtnStyle&quot;:{&quot;background&quot;:&quot;#2271b1&quot;,&quot;color&quot;:&quot;#fff&quot;,&quot;padding&quot;:{&quot;top&quot;:10,&quot;right&quot;:20,&quot;bottom&quot;:10,&quot;left&quot;:10}},&quot;popupBtnText&quot;:&quot;Open Document&quot;,&quot;CSS&quot;:&quot;&quot;,&quot;socialShare&quot;:{&quot;enabled&quot;:false,&quot;facebook&quot;:true,&quot;twitter&quot;:true,&quot;linkedin&quot;:true,&quot;pinterest&quot;:true,&quot;position&quot;:&quot;top&quot;},&quot;isPremium&quot;:false}'\n    style=\"text-align: left\">\n            <div class=\"pdfp_loading_placeholder\" style=\"height: 575px; width: 125%; display: flex; align-items: center; justify-content: center; background: #f5f5f5; border: 1px solid #ddd;\">\n             <p>Loading Viewer...<\/p>\n        <\/div>\n    <\/div>\n\n<p>Es sei an dieser Stelle angemerkt, dass die Aussagen und Anmerkungen ausschlie\u00dflich als eigenes Verst\u00e4ndnis von GALLEHR+PARTNER<sup>\u00ae<\/sup> zu den Aussagen aus den, bis Redaktionsschluss ver\u00f6ffentlichten Wahlprogrammen zu verstehen sind und keinen Anspruch auf objektive Richtigkeit haben. Bei allen Anmerkungen oder R\u00fcckfragen stehen wir Ihnen f\u00fcr einen gemeinsamen Austausch gerne zur Verf\u00fcgung.<\/p>\n<p>Wenn Sie in Zukunft keines unserer Webinare mehr verpassen wollen und generell gut \u00fcber das Politik- und Marktumfeld informiert bleiben wollen, k\u00f6nnen Sie sich gerne bei unserem<a href=\"https:\/\/gallehr.flei.dev\/de\/news\/\" target=\"_blank\" rel=\"noopener\"> Newsletter anmelden<\/a>.<\/p>\n<hr \/>\n<p class=\"reader-text-block__heading2\"><span style=\"font-size: 12pt;\"><strong>Bei weiteren <span style=\"color: #b01419;\">Fragen<\/span> stehen <a href=\"https:\/\/gallehr.flei.dev\/de\/team-gallehrpartner\/\" target=\"_blank\" rel=\"noopener\">wir <\/a><span style=\"color: #b01419;\">Ihnen<\/span> gerne direkt zur Verf\u00fcgung. <\/strong><a href=\"https:\/\/gallehr.flei.dev\/de\/kontakt\/\"><strong>Sprechen Sie uns gerne an.<\/strong><\/a><\/span><\/p>\n<p style=\"text-align: justify;\">GALLEHR+PARTNER<sup>\u00ae<\/sup> ist seit 2007 der erfahrene Lotse f\u00fcr die Wirtschaft auf dem Weg zur CO\u2082-Neutralit\u00e4t. Zu dem Kundenstamm von GALLEHR+PARTNER<sup>\u00ae<\/sup> geh\u00f6rt eine Vielzahl national und international renommierter Unternehmen. Diese ber\u00e4t und unterst\u00fctzt GALLEHR+PARTNER<sup>\u00ae<\/sup> teilweise bis zur vollst\u00e4ndigen eigenverantwortlichen \u00dcbernahme relevanter Prozesse.<\/p>\n<hr \/>\n<p style=\"text-align: justify;\"><span style=\"font-size: 8pt;\">GALLEHR+PARTNER<sup>\u00ae<\/sup> nutzt KI-Tools, u.a. zur Unterst\u00fctzung bei der Erstellung von Beitr\u00e4gen. Die Korrektheit der Inhalte und Informationen ist durch die Fachkompetenz unserer Mitarbeitenden sichergestellt. <\/span><span style=\"font-size: 8pt;\">Bei Fragen zu Inhalten k\u00f6nnen Sie sich gerne an <a href=\"mailto:kontakt@gallehr.de\" target=\"_blank\" rel=\"noopener\">kontakt@gallehr.de<\/a> wenden.<\/span><\/p>\n","protected":false},"excerpt":{"rendered":"<p>Untersuchung der Industrie-, Energie- und Klimapolitik der Parteiprogramme Hintergrundinformation: Zusammen mit unserem Partner ACT Group konnten wir am 16. Januar [&hellip;]<\/p>\n","protected":false},"author":17,"featured_media":0,"comment_status":"closed","ping_status":"closed","sticky":false,"template":"","format":"standard","meta":{"footnotes":""},"categories":[832,180,178],"tags":[826,827,185,334,732,741,764,801,802,821,822,823,824,825],"class_list":["post-87612","post","type-post","status-publish","format-standard","hentry","category-transformationsbegleitung","category-news","category-archiv","tag-fdp","tag-demokratie","tag-industrie","tag-co2","tag-bmwk","tag-bundesfoerderung","tag-dekarbonisierung","tag-energieintensiv","tag-foerderung","tag-bundestagswahl","tag-cdu","tag-die-gruenen","tag-spd","tag-die-linke"],"_links":{"self":[{"href":"https:\/\/gallehr.flei.dev\/de\/wp-json\/wp\/v2\/posts\/87612","targetHints":{"allow":["GET"]}}],"collection":[{"href":"https:\/\/gallehr.flei.dev\/de\/wp-json\/wp\/v2\/posts"}],"about":[{"href":"https:\/\/gallehr.flei.dev\/de\/wp-json\/wp\/v2\/types\/post"}],"author":[{"embeddable":true,"href":"https:\/\/gallehr.flei.dev\/de\/wp-json\/wp\/v2\/users\/17"}],"replies":[{"embeddable":true,"href":"https:\/\/gallehr.flei.dev\/de\/wp-json\/wp\/v2\/comments?post=87612"}],"version-history":[{"count":0,"href":"https:\/\/gallehr.flei.dev\/de\/wp-json\/wp\/v2\/posts\/87612\/revisions"}],"wp:attachment":[{"href":"https:\/\/gallehr.flei.dev\/de\/wp-json\/wp\/v2\/media?parent=87612"}],"wp:term":[{"taxonomy":"category","embeddable":true,"href":"https:\/\/gallehr.flei.dev\/de\/wp-json\/wp\/v2\/categories?post=87612"},{"taxonomy":"post_tag","embeddable":true,"href":"https:\/\/gallehr.flei.dev\/de\/wp-json\/wp\/v2\/tags?post=87612"}],"curies":[{"name":"wp","href":"https:\/\/api.w.org\/{rel}","templated":true}]}}