{"id":87622,"date":"2025-02-27T15:50:59","date_gmt":"2025-02-27T14:50:59","guid":{"rendered":"https:\/\/gallehr.flei.dev\/?p=87622"},"modified":"2025-03-05T12:32:44","modified_gmt":"2025-03-05T11:32:44","slug":"bundesfoerderung-energie-und-ressourceneffizienz-aktualisierte-merkblaetter-veroeffentlicht-wenige-aenderungen","status":"publish","type":"post","link":"https:\/\/gallehr.flei.dev\/de\/bundesfoerderung-energie-und-ressourceneffizienz-aktualisierte-merkblaetter-veroeffentlicht-wenige-aenderungen\/","title":{"rendered":"Bundesf\u00f6rderung Energie- und<br> Ressourceneffizienz:<br> Aktualisierte Merkbl\u00e4tter<br>  ver\u00f6ffentlicht \u2013 wenige \u00c4nderungen"},"content":{"rendered":"<div class=\"wpb-content-wrapper\"><p>[vc_row][vc_column width=&#8220;1\/1&#8243;][vc_column_text uncode_shortcode_id=&#8220;174774&#8243;]<\/p>\n<h2><strong>Bundesf\u00f6rderung Energie- und Ressourceneffizienz: Aktualisierte Merkbl\u00e4tter ver\u00f6ffentlicht \u2013 wenige \u00c4nderungen<\/strong><\/h2>\n<hr \/>\n<h3><span style=\"color: #b11116;\"><strong>In K\u00fcrze:<\/strong><\/span><\/h3>\n<p style=\"text-align: justify;\"><span style=\"font-size: 12pt;\">Unternehmen k\u00f6nnen die Bundesf\u00f6rderung f\u00fcr Energie- und Ressourceneffizienz (EEW) nutzen, um Klimaschutzma\u00dfnahmen zu finanzieren. Daf\u00fcr wurden die Bedingungen angepasst und pr\u00e4zisiert. Sie betreffen im kleinen Umfang die Basis- und Premiumf\u00f6rderung f\u00fcr kleine und mittlere Unternehmen (KMU), ebenso\u00a0 die F\u00f6rderung von Mess-, Steuer- und Regelungstechnik sowie von Transformationspl\u00e4nen. <\/span><\/p>\n<p style=\"text-align: justify;\"><span style=\"font-size: 12pt;\"><strong>GALLEHR+PARTNER<sup>\u00ae<\/sup> unterst\u00fctzt Sie bei der Beantragung staatlicher F\u00f6rderungen f\u00fcr Energieeffizienzma\u00dfnahmen sowie bei der Erstellung von Transformationspl\u00e4nen.<\/strong><\/span><\/p>\n<hr \/>\n<h3>Details:<\/h3>\n<p style=\"text-align: justify;\"><span style=\"font-size: 12pt;\">Am 20.02.2025 wurden die<a href=\"https:\/\/www.bafa.de\/SharedDocs\/Downloads\/DE\/Energie\/eew_merkblatt_2025.pdf?__blob=publicationFile&amp;v=2\" target=\"_blank\" rel=\"noopener\"> Merkbl\u00e4tter<\/a> aller F\u00f6rdermodule der <a href=\"https:\/\/www.bafa.de\/DE\/Energie\/Energieeffizienz\/Energieeffizienz_und_Prozesswaerme\/energieeffizienz_und_prozesswaerme_node.html\" target=\"_blank\" rel=\"noopener\">Bundesf\u00f6rderung f\u00fcr Energie- und Ressourceneffizienz (EEW)<\/a> aktualisiert. Die F\u00f6rderung hilft Unternehmen durch finanzielle Zusch\u00fcsse ihren Energie- und Ressourcenverbrauch zu senken. Die Merkbl\u00e4tter beschreiben, welche Unternehmen antragsberechtigt sind, welche Ma\u00dfnahmen in welcher H\u00f6he gef\u00f6rdert werden, wie die Antragserstellung zu erfolgen hat, wann und wie die Auszahlung erfolgt und wie das Projekt dokumentiert werden muss. <\/span><\/p>\n<p style=\"text-align: justify;\"><span style=\"font-size: 12pt;\">Nach erster Einsch\u00e4tzung haben sich durch die \u00dcberarbeitung allerdings keine tiefgreifenden \u00c4nderungen ergeben. Die bestehenden F\u00f6rdermodule werden fortgef\u00fchrt, auch die H\u00f6he der F\u00f6rders\u00e4tze bleibt gleich. Viele \u00c4nderungen zielen darauf die Regelungen verst\u00e4ndlicher und eindeutiger zu formulieren. \u00dcbergreifend wurde der Abschnitt \u00fcberarbeitet, der die Kumulierung von F\u00f6rderungen verbietet.<\/span><\/p>\n<p style=\"text-align: justify;\"><span style=\"font-size: 12pt;\">Inhaltliche \u00c4nderungen gab es haupts\u00e4chlich bei der Basisf\u00f6rderung f\u00fcr kleine und mittlere Unternehmen (KMU), die den Energie- und Ressourcenverbrauch ihrer Anlagen und Prozesse optimieren wollen (Modul 4). Hier wurden die Vorgaben angepasst, welche Technologien f\u00fcr eine F\u00f6rderung zugelassen sind, handgef\u00fchrte L\u00f6tstationen wurden z.B. hinzugef\u00fcgt. Die Premiumf\u00f6rderung (Modul 4) wurde ebenfalls \u00fcberarbeitet: Es wurden die Anforderungen f\u00fcr Ma\u00dfnahmen zur Abw\u00e4rmenutzung angepasst sowie CO2-Faktoren aktualisiert. Zudem wurden F\u00f6rderkriterien f\u00fcr Transformatoren und W\u00e4rmespeicher modifiziert. Auch im Modul 3 (Mess-, Steuer- und Regelungstechnik) wurden die F\u00f6rderbedingungen pr\u00e4zisiert.<\/span><\/p>\n<p style=\"text-align: justify;\"><span style=\"font-size: 12pt;\">Einige Klarstellungen fanden statt, wo zuvor Interpretationsspielraum war \u2013 zum Beispiel im <a href=\"https:\/\/www.wettbewerb-energieeffizienz.de\/WENEFF\/Navigation\/DE\/Transformationsplan\/Foerderrrahmen\/foerderrahmen.html\" target=\"_blank\" rel=\"noopener\">Modul 5 (Transformationspl\u00e4ne)<\/a>, Hier werden Studien bezuschusst, die standortbezogene Corporate Carbon Footprints ermitteln, um daraus Wege und konkrete Ma\u00dfnahmen abzuleiten, wie innerhalb von 10 Jahren die Emission von Treibhausgasen um 40 % reduziert und eine Klimaneutralit\u00e4t bis 2045 erreicht werden kann. Auf welches Basisjahr eben diese 10 Jahre bezogen waren, war zuvor nicht eindeutig formuliert.<\/span><\/p>\n<p style=\"text-align: justify;\"><span style=\"font-size: 12pt;\">Nun ist klargestellt, dass sich diese Frist auf das Jahr bezieht, in dem der Carbon Footprint ermittelt worden ist. Stammt dieser z.B. aus dem Jahr 2023, m\u00fcssen sp\u00e4testens 2033 die Emissionen um 40% gesunken sein. Um m\u00f6glichst viel Zeit zu haben dieses Ziel zu erf\u00fcllen, sollten Unternehmen also eine m\u00f6glichst aktuelle Datenbasis verwenden. Eine weitere Klarstellung in Modul 5: Es k\u00f6nnen auch mehrere Dienstleister arbeitsteilig mit Studien beauftragt werden<\/span><span style=\"font-size: 12pt;\">.<\/span><\/p>\n<p><img decoding=\"async\" src=\"https:\/\/gallehr.flei.dev\/wordpress\/wp-content\/uploads\/2025\/02\/Beitrag_BAFA_EEW_Tabelle_UebersichtFoerderprogramme.jpg\" alt=\"\" width=\"751\" height=\"986\" \/><\/p>\n<p>&nbsp;<\/p>\n<hr \/>\n<p><span style=\"font-size: 12pt;\"><strong>Haben Sie Fragen zu Ihren Ma\u00dfnahmen im Bereich Klimaschutz und Energieeffizienz? Sind Sie unsicher, ob und wie Ihr Unternehmen eine staatliche F\u00f6rderung f\u00fcr Ma\u00dfnahmen erhalten kann? Oder haben Sie noch keinen Transformationsplan erstellt? Gerne helfen wir Ihnen in all diesen Fragen weiter. Wir sind in der <a href=\"https:\/\/www.energie-effizienz-experten.de\/\" target=\"_blank\" rel=\"noopener\">Energieeffizienz-Experten-Liste<\/a> des Bundes gelistet und k\u00f6nnen ggf. auch in Vollmacht Ihre F\u00f6rderantr\u00e4ge stellen.<\/strong><\/span><\/p>\n<p><span style=\"font-size: 12pt;\"><strong>Bei Fragen oder Anmerkungen k\u00f6nnen Sie sich jederzeit bei uns melden!<\/strong><\/span><\/p>\n<p><span style=\"font-size: 12pt;\">Quentin Scharf<br \/>\n<\/span><span style=\"font-family: Arial, sans-serif; font-size: 12pt;\">E-Mail: quentin.scharf@gallehr.de<\/span>[\/vc_column_text][\/vc_column][\/vc_row]<\/p>\n<\/div>","protected":false},"excerpt":{"rendered":"<p>[vc_row][vc_column width=&#8220;1\/1&#8243;][vc_column_text uncode_shortcode_id=&#8220;174774&#8243;] Bundesf\u00f6rderung Energie- und Ressourceneffizienz: Aktualisierte Merkbl\u00e4tter ver\u00f6ffentlicht \u2013 wenige \u00c4nderungen In K\u00fcrze: Unternehmen k\u00f6nnen die Bundesf\u00f6rderung f\u00fcr [&hellip;]<\/p>\n","protected":false},"author":10,"featured_media":0,"comment_status":"closed","ping_status":"closed","sticky":false,"template":"","format":"standard","meta":{"footnotes":""},"categories":[832,180,178],"tags":[182,185,222,295,334,741,801,802,828,829,830,831],"class_list":["post-87622","post","type-post","status-publish","format-standard","hentry","category-transformationsbegleitung","category-news","category-archiv","tag-energieeffizienz","tag-industrie","tag-kmu","tag-carbon-footprint","tag-co2","tag-bundesfoerderung","tag-energieintensiv","tag-foerderung","tag-ressourceneffizienz","tag-transformationsplaene","tag-trapo","tag-trako"],"_links":{"self":[{"href":"https:\/\/gallehr.flei.dev\/de\/wp-json\/wp\/v2\/posts\/87622","targetHints":{"allow":["GET"]}}],"collection":[{"href":"https:\/\/gallehr.flei.dev\/de\/wp-json\/wp\/v2\/posts"}],"about":[{"href":"https:\/\/gallehr.flei.dev\/de\/wp-json\/wp\/v2\/types\/post"}],"author":[{"embeddable":true,"href":"https:\/\/gallehr.flei.dev\/de\/wp-json\/wp\/v2\/users\/10"}],"replies":[{"embeddable":true,"href":"https:\/\/gallehr.flei.dev\/de\/wp-json\/wp\/v2\/comments?post=87622"}],"version-history":[{"count":0,"href":"https:\/\/gallehr.flei.dev\/de\/wp-json\/wp\/v2\/posts\/87622\/revisions"}],"wp:attachment":[{"href":"https:\/\/gallehr.flei.dev\/de\/wp-json\/wp\/v2\/media?parent=87622"}],"wp:term":[{"taxonomy":"category","embeddable":true,"href":"https:\/\/gallehr.flei.dev\/de\/wp-json\/wp\/v2\/categories?post=87622"},{"taxonomy":"post_tag","embeddable":true,"href":"https:\/\/gallehr.flei.dev\/de\/wp-json\/wp\/v2\/tags?post=87622"}],"curies":[{"name":"wp","href":"https:\/\/api.w.org\/{rel}","templated":true}]}}