{"id":87726,"date":"2025-03-07T17:19:54","date_gmt":"2025-03-07T16:19:54","guid":{"rendered":"https:\/\/gallehr.flei.dev\/?p=87726"},"modified":"2025-03-28T12:41:16","modified_gmt":"2025-03-28T11:41:16","slug":"bik-geht-in-die-naechste-runde","status":"publish","type":"post","link":"https:\/\/gallehr.flei.dev\/de\/bik-geht-in-die-naechste-runde\/","title":{"rendered":"BIK geht in die n\u00e4chste Runde"},"content":{"rendered":"<h1 style=\"text-align: justify;\"><strong>BMWK er\u00f6ffnet zweiten Call der <a href=\"https:\/\/www.klimaschutz-industrie.de\/foerderung\/bundesfoerderung-industrie-und-klimaschutz-modul-1\/\">Bundesf\u00f6rderung Industrie und Klimaschutz (BIK)<\/a> f\u00fcr Dekarbonisierungsprojekte<\/strong><\/h1>\n<hr \/>\n<h3 style=\"text-align: justify;\"><strong>Hintergrundinformation:<\/strong><\/h3>\n<p style=\"text-align: justify;\"><span style=\"font-size: 12pt;\">Das BMWK hat einen <a href=\"https:\/\/www.klimaschutz-industrie.de\/foerderung\/bundesfoerderung-industrie-und-klimaschutz-modul-1\/foerderaufruf\/\">zweiten F\u00f6rderaufruf der BIK<\/a> gestartet. Die Grundlage bildet der <a href=\"https:\/\/competition-policy.ec.europa.eu\/state-aid\/temporary-crisis-and-transition-framework_en\">\u201eTCTF\u201c (Temporary Crisis and Transition Framework)<\/a> als befristeter Krisen- und \u00dcbergangsrahmen, mit dem die EU-Kommission Technologief\u00f6rderung f\u00fcr eine klimaneutrale Wirtschaft beschleunigen m\u00f6chte. Gef\u00f6rdert werden Investitionen zur Dekarbonisierung industrieller Produktionsprozesse. Der Zuschuss betr\u00e4gt bei Elektrifizierungsprojekten 30 %, bei Wasserstoffnutzung 60 %. Unternehmen haben jetzt bis inkl. 15. Mai Zeit, ihre Vorhabensskizzen einzureichen.<\/span><\/p>\n<hr \/>\n<h3 style=\"text-align: justify;\">\u00dcberblick<\/h3>\n<p style=\"text-align: justify;\"><span style=\"font-size: 12pt;\">Das Spannende am Teilmodul 2 TCTF: <span style=\"color: #b11116;\"><strong>Der maximale F\u00f6rderzuschuss von 200\u00a0Mio.\u00a0\u20ac.<\/strong> <\/span>Allerdings wird es <strong>nur eine Antragsphase<\/strong> geben. Zudem m\u00fcssen Projekte im Teilmodul 2 innerhalb von drei Jahren nach der F\u00f6rderzusage, also bis Ende 2028 umgesetzt werden, andernfalls droht eine K\u00fcrzung der F\u00f6rdersumme. <strong><span style=\"color: #b11116;\">Es lohnt sich also schnell zu reagieren<\/span><\/strong>. <\/span><span style=\"font-size: 12pt;\">Nach Fristende werden alle eingereichten Skizzen vom Kompetenzzentrum Klimaschutz in energieintensiven Industrien (KEI) gepr\u00fcft und anhand der Auswahlkriterien (haupts\u00e4chlich F\u00f6rdermitteleffizienz und Innovativit\u00e4t) bewertet.<\/span><\/p>\n<p style=\"text-align: justify;\"><span style=\"font-size: 12pt;\">Angesprochen werden in Deutschland niedergelassene Industrieunternehmen, die Anlagen mit industriellen Prozessen planen oder betreiben und <strong>mindestens 40 Prozent ihrer CO<sub>2<\/sub>-Emissionen<\/strong> in der Produktion durch Investitionen oder Forschungsprojekte einsparen wollen. Die F\u00f6rderung ist f\u00fcr die energieintensiven Branchen, wie Stahl, Chemie-, Glas-, Keramik-, Papier- und Zementindustrie ausgelegt, allerdings <strong>f\u00fcr alle Branchen offen<\/strong>, im Kontrast zu den Klimaschutzvertr\u00e4gen. Demnach stellt es auch f\u00fcr den Mittelstand ein probates Mittel dar, kosteng\u00fcnstig Emissionen zu reduzieren.<\/span><\/p>\n<p style=\"text-align: justify;\"><span style=\"font-size: 12pt;\">Bei einem Projektvolumen von mehr als <strong>15 Millionen Euro ist eine Kofinanzierung der Bundesl\u00e4nder in H\u00f6he von 30 Prozent<\/strong> vorgesehen F\u00fcr die gesamte Programmlaufzeit stehen, abh\u00e4ngig von den verf\u00fcgbaren Haushaltsmitteln <strong>bis 2030 rund <span style=\"color: #b11116;\">3,3 Mrd. Euro<\/span><\/strong> zur Verf\u00fcgung.<\/span><\/p>\n<p style=\"text-align: justify;\"><span style=\"font-size: 12pt;\"><span style=\"color: #b11116;\"><a style=\"color: #b11116;\" href=\"https:\/\/gallehr.flei.dev\/de\/\"><strong>GALLEHR+PARTNER<\/strong><strong><sup>\u00ae<\/sup><\/strong><\/a><\/span><strong> unterst\u00fctzt Sie bei jeglichen BIK-Vorhaben. <\/strong>F\u00fcr das<\/span><span style=\"font-size: 12pt;\"> Modul 1 konnten wir erfolgreich unsere Kunden bei der Skizzenerstellung unterst\u00fctzen, die Zulassungsquote betrug 100 %. Wir helfen Ihnen gerne bei der Erstellung Ihrer Skizze, bei der etwaigen Beantragung und auf Wunsch nat\u00fcrlich auch dar\u00fcber hinaus. <\/span><span style=\"font-size: 12pt;\">Auch das <a href=\"https:\/\/www.klimaschutz-industrie.de\/\">KEI<\/a> bietet Unterst\u00fctzung an. F\u00fcr das Erstellen und Einreichen von BIK-Vorhabensskizzen wird am Mittwoch, 9. April 2025, von 10 bis 12 Uhr ein Workshop veranstaltet, an dem wir ebenfalls teilnehmen werden.<\/span><\/p>\n<h3 style=\"text-align: justify;\"><span style=\"font-size: 12pt; color: #b11116;\"><strong>Aufruf auch f\u00fcr \u00fcbrige BIK-Teilmodule geplant: Mit dem BIK geht es weiter<\/strong><\/span><\/h3>\n<p style=\"text-align: justify;\"><span style=\"font-size: 12pt;\">Eine weitere positive Nachricht: Das BMWK arbeitet an einem <strong>zweiten F\u00f6rderaufruf f\u00fcr die weiteren Teilmodule des BIK-Programms<\/strong>. Hier werden neben Elektrifizierung oder Umstellung auf erneuerbaren Wasserstoff <a href=\"https:\/\/gallehr.flei.dev\/de\/bundesfoerderung-industrie-und-klimaschutz-bik-modul-1-zusammenfassung-und-faq\/\">(Modul 1)<\/a>, im <a href=\"https:\/\/www.klimaschutz-industrie.de\/foerderung\/bundesfoerderung-industrie-und-klimaschutz-modul-2\/\">Modul 2<\/a> auch Vorhaben zur Abscheidung, Speicherung und Nutzung von CO<sub>2<\/sub> gef\u00f6rdert. Dieses Modul wird durch den <a href=\"https:\/\/www.ptj.de\/\">Projekttr\u00e4ger J\u00fclich (PtJ)<\/a> betreut.<\/span><\/p>\n<p style=\"text-align: justify;\"><span style=\"font-size: 12pt;\">Derzeit wertet das KEI Erfahrungen aus der ersten F\u00f6rderrunde aus, um etwaige Verbesserungspotentiale zu identifizieren und die F\u00f6rderung in der zweiten Runde noch zielgenauer auszugestalten.<\/span><\/p>\n<p style=\"text-align: justify;\"><span style=\"font-size: 12pt;\">Damit Sie nicht den \u00dcberblick verlieren, haben wir die Kerninhalte und Konditionen des BIK-Teilmoduls 2 (TCTF) in nachfolgender Tabelle zusammengefasst:<\/span><\/p>\n<table>\n<tbody>\n<tr>\n<td style=\"background-color: #b11116;\" width=\"321\"><span style=\"color: #ffffff;\"><strong>Beschreibung Inhalt Teilmodul 2 TCTF<\/strong><\/span><\/td>\n<td style=\"background-color: #b11116;\" width=\"283\"><span style=\"color: #ffffff;\"><strong>Bewertung<\/strong><\/span><\/td>\n<\/tr>\n<tr>\n<td width=\"321\">F\u00f6rdersatz Elektrifizierungsprojekte<\/td>\n<td width=\"283\">30 %<\/td>\n<\/tr>\n<tr>\n<td width=\"321\">F\u00f6rdersatz Wasserstoffprojekte<\/td>\n<td width=\"283\">60 %<\/td>\n<\/tr>\n<tr>\n<td width=\"321\">Max. F\u00f6rdersumme<\/td>\n<td width=\"283\">200 Mio. \u20ac<\/td>\n<\/tr>\n<tr>\n<td width=\"321\">Mindestinvestition (KMU)<\/td>\n<td width=\"283\">500.000 \u20ac<\/td>\n<\/tr>\n<tr>\n<td width=\"321\">Mindestinvestition Gro\u00dfunternehmen<\/td>\n<td width=\"283\">1.000.000 \u20ac<\/td>\n<\/tr>\n<tr>\n<td width=\"321\">Kofinanzierung durch Bundesland<\/td>\n<td width=\"283\">Ab 15 Mio. \u20ac Projektvolumen \u00e0 30 %<\/td>\n<\/tr>\n<tr>\n<td width=\"321\">Gesamtf\u00f6rderbudget (bis 2030)<\/td>\n<td width=\"283\">3,3 Mrd. \u20ac<\/td>\n<\/tr>\n<tr>\n<td width=\"321\">Relative Emissionsminderung<\/td>\n<td width=\"283\">Min. 40 %<\/td>\n<\/tr>\n<\/tbody>\n<\/table>\n<p style=\"text-align: justify;\"><span style=\"font-size: 12pt;\">Investitionsvorhaben, die nicht dem TCTF zuzuordnen sind, werden mit max. 30 Mio.\u00a0\u20ac und industrielle Forschungsprojekte mit max. 35 Mio.\u00a0\u20ac gef\u00f6rdert. Auch die F\u00f6rders\u00e4tze differieren. <strong>Die Auflistung der <span style=\"text-decoration: underline;\"><span style=\"color: #b11116; text-decoration: underline;\">Konditionen der anderen Teilmodule finden sie detailliert auf <\/span><\/span><\/strong><span style=\"color: #b11116;\"><a style=\"color: #b11116;\" href=\"https:\/\/gallehr.flei.dev\/de\/bundesfoerderung-industrie-und-klimaschutz-bik-modul-1-zusammenfassung-und-faq\/\"><strong><span style=\"text-decoration: underline;\"><span style=\"color: #b11116; text-decoration: underline;\">unserem Artikel<\/span><\/span><\/strong><\/a><strong>. <\/strong><\/span><\/span><\/p>\n<p style=\"text-align: justify;\"><span style=\"font-size: 12pt;\">Die Bewertungskriterien f\u00fcr das Modul 1 des BIK gestalten sich wie folgt:<\/span><\/p>\n<table>\n<tbody>\n<tr>\n<td style=\"background-color: #b11116;\" width=\"321\"><span style=\"color: #ffffff;\"><strong>Beschreibung Inhalt Teilmodul 2 TCTF<\/strong><\/span><\/td>\n<td style=\"background-color: #b11116;\" width=\"283\"><span style=\"color: #ffffff;\"><strong>Bewertung<\/strong><\/span><\/td>\n<\/tr>\n<tr>\n<td width=\"321\">Bewertungskriterium F\u00f6rdermitteleffizienz<\/td>\n<td width=\"283\">70 Punkte<\/td>\n<\/tr>\n<tr>\n<td width=\"321\">Bewertungskriterium Innovativit\u00e4t<\/td>\n<td width=\"283\">20 Punkte<\/td>\n<\/tr>\n<tr>\n<td width=\"321\">Weitere Boni<\/td>\n<td width=\"283\">10 Punkte<\/td>\n<\/tr>\n<tr>\n<td width=\"321\">Kleinunternehmen Bonus<\/td>\n<td width=\"283\">10 Punkte<\/td>\n<\/tr>\n<tr>\n<td width=\"321\">Mittlere Unternehmen Bonus<\/td>\n<td width=\"283\">5 Punkte<\/td>\n<\/tr>\n<tr>\n<td width=\"321\">Max. Punktzahl<\/td>\n<td width=\"283\">100 Punkte<\/td>\n<\/tr>\n<\/tbody>\n<\/table>\n<p><strong>\u00a0<\/strong><\/p>\n<p style=\"text-align: justify;\"><span style=\"font-size: 12pt;\"><strong>Bei weiteren <span style=\"color: #b11116;\">Fragen<\/span> stehen <a href=\"https:\/\/gallehr.flei.dev\/de\/team-gallehrpartner\/\" target=\"_blank\" rel=\"noopener\">wir <\/a>Ihnen gerne direkt zur Verf\u00fcgung. <\/strong><\/span><a href=\"https:\/\/gallehr.flei.dev\/de\/kontakt\/\"><strong><span style=\"font-size: 12pt;\">Sprechen Sie uns gerne an.<\/span><\/strong><\/a><\/p>\n<p style=\"text-align: justify;\"><span style=\"font-size: 12pt;\"><strong>Weitere Informationen finden Sie unter den nachfolgenden Links<\/strong><\/span><\/p>\n<ul>\n<li style=\"text-align: justify;\"><span style=\"font-size: 12pt;\"><a href=\"https:\/\/gallehr.flei.dev\/de\/bundesfoerderung-industrie-und-klimaschutz-bik-modul-1-zusammenfassung-und-faq\/\">Detaillierte Zusammenfassung Modul 1 BIK (GALLEHR+PARTNER<sup>\u00ae<\/sup>)<\/a><\/span><\/li>\n<li style=\"text-align: justify;\"><span style=\"font-size: 12pt;\"><a href=\"https:\/\/327888.eu2.cleverreach.com\/c\/104170513\/4db1b0c2e6e-sslf4z\">Kompetenzzentrum Klimaschutz in energieintensiven Industrien<\/a> (KEI)<\/span><\/li>\n<li style=\"text-align: justify;\"><span style=\"font-size: 12pt;\"><a href=\"https:\/\/327888.eu2.cleverreach.com\/c\/104170515\/4db1b0c2e6e-sslf4z\">BIK-F\u00f6rderaufruf TCTF-Teilmodul<\/a> (Ver\u00f6ffentlichung im Bundesanzeiger am 28.02.25)<\/span><\/li>\n<li style=\"text-align: justify;\"><span style=\"font-size: 12pt;\"><a href=\"https:\/\/327888.eu2.cleverreach.com\/c\/104170519\/4db1b0c2e6e-sslf4z\">Infos und Dokumente zur Skizzeneinreichung im Modul 1<\/a><\/span><\/li>\n<li style=\"text-align: justify;\"><span style=\"font-size: 12pt;\"><a href=\"https:\/\/327888.eu2.cleverreach.com\/c\/104170520\/4db1b0c2e6e-sslf4z\">F\u00f6rderrichtlinie BIK<\/a> (Ver\u00f6ffentlicht am 26.08.2024)<\/span><\/li>\n<li style=\"text-align: justify;\"><a href=\"https:\/\/327888.eu2.cleverreach.com\/c\/104170516\/4db1b0c2e6e-sslf4z\"><span style=\"font-size: 12pt;\">Infos und Anmeldung f\u00fcr den TCTF-Skizzenworkshop<\/span><\/a><\/li>\n<\/ul>\n<p>&nbsp;<\/p>\n<hr \/>\n<hr \/>\n<h3><span style=\"color: #b11116;\"><strong>Hinweis:<\/strong><\/span><\/h3>\n<h4><span style=\"font-size: 12pt;\">GALLEHR+PARTNER<sup>\u00ae<\/sup> unterst\u00fctzt Sie bei Bedarf vollumf\u00e4nglich im Rahmen der Bundesf\u00f6rderung Industrie und Klimaschutz<\/span><\/h4>\n<p><span style=\"font-size: 12pt;\">Unsere Unterst\u00fctzung im Einzelnen:<\/span><\/p>\n<ul>\n<li><span style=\"font-size: 12pt;\">360\u00b0-Begleitung w\u00e4hrend Skizzeneinreichung und Einreichung des Projektantrags inkl. bei\u00a0allen Berechnungen und Formalit\u00e4ten<\/span><\/li>\n<li><span style=\"font-size: 12pt;\">Kompatibilit\u00e4tspr\u00fcfung zur Bundesf\u00f6rderung Industrie und Klimaschutz<\/span><\/li>\n<li><span style=\"font-size: 12pt;\">Unterst\u00fctzung bei strategischen Fragestellungen<\/span><\/li>\n<li><span style=\"font-size: 12pt;\">Einsch\u00e4tzung der Ma\u00dfnahme im gesamten F\u00f6rderumfeld<\/span><\/li>\n<li><span style=\"font-size: 12pt;\">Strukturierung und Erstellung der erforderlichen Antragsmodalit\u00e4ten<\/span><\/li>\n<li><span style=\"font-size: 12pt;\">Darlegung des F\u00f6rdermechanismus und F\u00f6rderregelungen<\/span><\/li>\n<li><span style=\"font-size: 12pt;\">Unterst\u00fctzung bei Erstellung der Skizze<\/span><\/li>\n<li><span style=\"font-size: 12pt;\">Beratung bei &#8222;Gebotspreis&#8220; hinsichtlich THG-F\u00f6rdermitteleffizienz<\/span><\/li>\n<li><span style=\"font-size: 12pt;\">Koordination von beteiligten Projektpartner (Beh\u00f6rden, Rechtsberater, Anlagenbauern und Energielieferanten)<\/span><\/li>\n<li><span style=\"font-size: 12pt;\">Unterst\u00fctzung bei Kommunikation mit dem F\u00f6rdergeber und Begleitung des vollst\u00e4ndigen Beantragungsprozesses<\/span><\/li>\n<\/ul>\n<p>&nbsp;<\/p>\n<hr \/>\n<p style=\"text-align: justify;\">GALLEHR+PARTNER<sup>\u00ae<\/sup> ist seit 2007 der erfahrene Lotse f\u00fcr die Wirtschaft auf dem Weg zur CO\u2082-Neutralit\u00e4t. Zu dem Kundenstamm von GALLEHR+PARTNER<sup>\u00ae<\/sup> geh\u00f6rt eine Vielzahl national und international renommierter Unternehmen. Diese ber\u00e4t und unterst\u00fctzt GALLEHR+PARTNER<sup>\u00ae<\/sup> teilweise bis zur vollst\u00e4ndigen eigenverantwortlichen \u00dcbernahme relevanter Prozesse.<\/p>\n<hr \/>\n<p style=\"text-align: justify;\"><span style=\"font-size: 8pt;\">GALLEHR+PARTNER<sup>\u00ae<\/sup> nutzt KI-Tools, u.a. zur Unterst\u00fctzung bei der Erstellung von Beitr\u00e4gen. Die Korrektheit der Inhalte und Informationen ist durch die Fachkompetenz unserer Mitarbeitenden sichergestellt. <\/span><span style=\"font-size: 8pt;\">Bei Fragen zu Inhalten k\u00f6nnen Sie sich gerne an <a href=\"mailto:kontakt@gallehr.de\" target=\"_blank\" rel=\"noopener\">kontakt@gallehr.de<\/a> wenden.<\/span><\/p>\n","protected":false},"excerpt":{"rendered":"<p>BMWK er\u00f6ffnet zweiten Call der Bundesf\u00f6rderung Industrie und Klimaschutz (BIK) f\u00fcr Dekarbonisierungsprojekte Hintergrundinformation: Das BMWK hat einen zweiten F\u00f6rderaufruf der [&hellip;]<\/p>\n","protected":false},"author":10,"featured_media":0,"comment_status":"closed","ping_status":"closed","sticky":false,"template":"","format":"standard","meta":{"footnotes":""},"categories":[832,180,178],"tags":[732,741,761,764,801,802,185,334],"class_list":["post-87726","post","type-post","status-publish","format-standard","hentry","category-transformationsbegleitung","category-news","category-archiv","tag-bmwk","tag-bundesfoerderung","tag-foerdermittel","tag-dekarbonisierung","tag-energieintensiv","tag-foerderung","tag-industrie","tag-co2"],"_links":{"self":[{"href":"https:\/\/gallehr.flei.dev\/de\/wp-json\/wp\/v2\/posts\/87726","targetHints":{"allow":["GET"]}}],"collection":[{"href":"https:\/\/gallehr.flei.dev\/de\/wp-json\/wp\/v2\/posts"}],"about":[{"href":"https:\/\/gallehr.flei.dev\/de\/wp-json\/wp\/v2\/types\/post"}],"author":[{"embeddable":true,"href":"https:\/\/gallehr.flei.dev\/de\/wp-json\/wp\/v2\/users\/10"}],"replies":[{"embeddable":true,"href":"https:\/\/gallehr.flei.dev\/de\/wp-json\/wp\/v2\/comments?post=87726"}],"version-history":[{"count":0,"href":"https:\/\/gallehr.flei.dev\/de\/wp-json\/wp\/v2\/posts\/87726\/revisions"}],"wp:attachment":[{"href":"https:\/\/gallehr.flei.dev\/de\/wp-json\/wp\/v2\/media?parent=87726"}],"wp:term":[{"taxonomy":"category","embeddable":true,"href":"https:\/\/gallehr.flei.dev\/de\/wp-json\/wp\/v2\/categories?post=87726"},{"taxonomy":"post_tag","embeddable":true,"href":"https:\/\/gallehr.flei.dev\/de\/wp-json\/wp\/v2\/tags?post=87726"}],"curies":[{"name":"wp","href":"https:\/\/api.w.org\/{rel}","templated":true}]}}