{"id":87895,"date":"2025-05-07T10:37:18","date_gmt":"2025-05-07T08:37:18","guid":{"rendered":"https:\/\/gallehr.flei.dev\/?p=87895"},"modified":"2025-05-08T17:29:45","modified_gmt":"2025-05-08T15:29:45","slug":"gruenstrom-als-oekologische-gegenleistungen","status":"publish","type":"post","link":"https:\/\/gallehr.flei.dev\/de\/gruenstrom-als-oekologische-gegenleistungen\/","title":{"rendered":"Gr\u00fcnstrom als \u00f6kologische Gegenleistung oder Konditionalit\u00e4t"},"content":{"rendered":"<div class=\"wpb-content-wrapper\"><p>[vc_row][vc_column width=&#8220;1\/1&#8243;][vc_column_text uncode_shortcode_id=&#8220;313039&#8243;]<\/p>\n<h2>Gr\u00fcnstrom &#8211; \u00d6kologische Gegenleistungen bei Strompreiskompensation (SPK) und Besonderer Ausgleichsregelung (EnFG)<\/h2>\n<hr \/>\n<p><span style=\"font-size: 14pt;\"><strong><span style=\"color: #b01419;\">In K\u00fcrze:<\/span><\/strong><\/span><\/p>\n<p style=\"text-align: justify;\"><span style=\"font-size: 12pt;\">Seit dem Abrechnungsjahr 2023 k\u00f6nnen Unternehmen die sogenannten \u00f6kologischen Gegenleistungen oder\/und gr\u00fcne Konditionalit\u00e4t mit Gr\u00fcnstrom erf\u00fcllen. Dies kann entweder durch den Kauf von speziellen Gr\u00fcnstrom-Herkunftsnachweisen (HKNs) oder durch Eigenproduktion und Nutzung von Gr\u00fcnstrom erfolgen. <\/span><span style=\"font-size: 12pt;\">An die Herkunftsnachweise werden bestimmte Voraussetzungen gestellt, wie z.B. dass dieser keine OPEX-F\u00f6rderung erhalten darf. <\/span><span style=\"font-size: 12pt;\">Die M\u00f6glichkeit gilt f\u00fcr die Beihilferegime der <a href=\"https:\/\/www.dehst.de\/DE\/Themen\/SPK\/SPK-Antrag\/spk-antrag_node.html\" target=\"_blank\" rel=\"noopener\">Strompreiskompensation (SPK)<\/a> und der <a href=\"https:\/\/www.bafa.de\/DE\/Energie\/Besondere_Ausgleichsregelung\/besondere_ausgleichsregelung_node.html\" target=\"_blank\" rel=\"noopener\">Besonderen Ausgleichsregelung (BesAR)<\/a>.<br \/>\n<\/span><\/p>\n<p><span style=\"font-size: 12pt;\"><strong>\u00dcbersicht:<\/strong><\/span><\/p>\n<ul>\n<li><span style=\"font-size: 12pt;\">Allgemeine Voraussetzung (regime\u00fcbergreifend) an den Gr\u00fcnstrom<\/span><\/li>\n<li><span style=\"font-size: 12pt;\">Spezifische Anforderung im Rahmen der Strompreiskompensation<\/span><\/li>\n<li><span style=\"font-size: 12pt;\">Spezifische Anforderung im Rahmen der Besonderen Ausgleichregelung nach dem Gesetz zur Finanzierung der Energiewende im Stromsektor (<a href=\"https:\/\/www.gesetze-im-internet.de\/enfg\/\" target=\"_blank\" rel=\"noopener\">EnFG<\/a>)<\/span><\/li>\n<\/ul>\n<p style=\"text-align: justify;\"><span style=\"font-size: 12pt;\"><strong>GALLEHR+PARTNER<sup>\u00ae<\/sup> unterst\u00fctzt Sie bei jeglichen (strategischen) Fragestellungen rund um \u00d6kologische Gegenleistungen, Carbon-Leakage- und Strompreiskompensation, besonderen Ausgleichregelung und \u00fcbernimmt bei Bedarf die Antragstellung. Wenn Sie sich nicht sicher sind, ob Sie antragsberechtigt sind oder Unterst\u00fctzung bei der Nachweiserstellung ben\u00f6tigen, melden Sie sich gerne bei uns.<\/strong><\/span><\/p>\n<hr \/>\n<h2><strong><span style=\"font-size: 14pt;\">Allgemeine Informationen \u00fcber die Nutzung von Gr\u00fcnstrom<\/span><\/strong><\/h2>\n<p>[sp_easyaccordion id=&#8220;87896&#8243;]<\/p>\n<p>&nbsp;<\/p>\n<h2><span style=\"font-size: 14pt;\"><strong>Spezifische Anforderung im Rahmen der Strompreiskompensation<\/strong><\/span><\/h2>\n<p>[sp_easyaccordion id=&#8220;87897&#8243;]<\/p>\n<p>&nbsp;<\/p>\n<h2><span style=\"font-size: 14pt;\"><strong>Spezifische Anforderung im Rahmen der Besonderen Ausgleichregelung nach EnFG<\/strong><\/span><\/h2>\n<p>[sp_easyaccordion id=&#8220;87946&#8243;]<\/p>\n<h2><span style=\"font-size: 14pt;\"><strong>Weitere Informationen zu \u00f6kologischen Gegenleistungen<\/strong><\/span><\/h2>\n<p><span style=\"font-size: 12pt;\">F\u00fcr einen \u00dcberblick zu den wirtschaftlichen und rechtlichen Rahmenbedingungen im Einzelnen sowie zu den Anforderungen an die Managementprozesse hat <a class=\"cursor-init\" href=\"https:\/\/gallehr.flei.dev\/de\/\" target=\"_blank\" rel=\"noopener\">GALLEHR+PARTNER<sup>\u00ae<\/sup><\/a> die sogenannte <a class=\"cursor-init\" href=\"https:\/\/gallehr.flei.dev\/wordpress\/wp-content\/uploads\/2025\/01\/Uebersichtsmatrix-Oekologische-Gegenleistungen-und-Verpflichtungen-2025-V2.pdf\" target=\"_blank\" rel=\"noopener\">\u201c\u00dcbersichtsmatrix \u2013 \u00d6kologische Gegenleistungen und Verpflichtungen\u201d<\/a> entwickelt. Die Anforderungen im Einzelnen befinden sich in der Entwicklung und sind stets im Wandel. Wir werden die Matrix daher in unregelm\u00e4\u00dfigen Abst\u00e4nden weiterhin aktualisieren und Ihnen zur Verf\u00fcgung stellen.<\/span><\/p>\n<blockquote class=\"wp-embedded-content\" data-secret=\"JvW2YKvQ5i\"><p><a href=\"https:\/\/gallehr.flei.dev\/de\/oekologische-gegenleistungen-und-verpflichtungen\/\">\u00d6kologische Gegenleistungen und Verpflichtungen<\/a><\/p><\/blockquote>\n<p><iframe class=\"wp-embedded-content\" sandbox=\"allow-scripts\" security=\"restricted\" style=\"position: absolute; visibility: hidden;\" title=\"&#8222;\u00d6kologische Gegenleistungen und Verpflichtungen&#8220; &#8211; GALLEHR+PARTNER\" src=\"https:\/\/gallehr.flei.dev\/de\/oekologische-gegenleistungen-und-verpflichtungen\/embed\/#?secret=ALQDVCO3WA#?secret=JvW2YKvQ5i\" data-secret=\"JvW2YKvQ5i\" width=\"600\" height=\"338\" frameborder=\"0\" marginwidth=\"0\" marginheight=\"0\" scrolling=\"no\"><\/iframe><\/p>\n<hr \/>\n<h3 style=\"text-align: justify;\"><strong><span style=\"font-size: 12pt; color: #b11116;\">Hinweis:<\/span><\/strong><\/h3>\n<h4><span style=\"font-size: 12pt;\">GALLEHR+PARTNER<sup>\u00ae<\/sup> unterst\u00fctzt Sie bei Bedarf vollumf\u00e4nglich bei allen Belangen rund um die Beihilfebeantragung und Erf\u00fcllung von \u00f6kologischen Gegenleistungen<\/span><\/h4>\n<p><span style=\"font-size: 12pt;\">Unsere Unterst\u00fctzung im Einzelnen:<\/span><\/p>\n<ul>\n<li><span style=\"font-size: 12pt;\">Strategische Beratung und Optimierung von Beihilfeantr\u00e4gen und der M\u00f6glichkeiten der Erf\u00fcllung von \u00f6kologischen Gegenleistungen<\/span><\/li>\n<li><span style=\"font-size: 12pt;\">Pr\u00fcfung der eingegangenen Verpflichtungen im Rahmen der \u00f6kologischen Gegenleistungen<\/span><\/li>\n<li><span style=\"font-size: 12pt;\">Erstellung von Antragsunterlagen und Begleitung des Pr\u00fcfungsprozesses<\/span><\/li>\n<li><span style=\"font-size: 12pt;\">Beihilfe-Check: Sind Sie antragsberechtigt und lohnt sich eine Antragsstellung?<\/span><\/li>\n<li><span style=\"font-size: 12pt;\">Weitere Dienst- und Hilfeleistungen<\/span><\/li>\n<\/ul>\n<p>&nbsp;<\/p>\n<hr \/>\n<p class=\"reader-text-block__heading2\" style=\"text-align: justify;\"><span style=\"font-size: 12pt;\"><strong>Bei weiteren <span style=\"color: #b01419;\">Fragen<\/span> stehen <a href=\"https:\/\/gallehr.flei.dev\/de\/team-gallehrpartner\/\" target=\"_blank\" rel=\"noopener\">wir <\/a><span style=\"color: #b01419;\">Ihnen<\/span> gerne direkt zur Verf\u00fcgung. <\/strong><a href=\"https:\/\/gallehr.flei.dev\/de\/kontakt\/\"><strong>Sprechen Sie uns gerne an.<\/strong><\/a><\/span><\/p>\n<p style=\"text-align: justify;\"><span style=\"font-size: 12pt;\">GALLEHR+PARTNER<sup>\u00ae<\/sup> ist seit 2007 der erfahrene Lotse f\u00fcr die Wirtschaft auf dem Weg zur CO\u2082-Neutralit\u00e4t. Zu dem Kundenstamm von GALLEHR+PARTNER<sup>\u00ae<\/sup> geh\u00f6rt eine Vielzahl national und international renommierter Unternehmen. Diese ber\u00e4t und unterst\u00fctzt GALLEHR+PARTNER<sup>\u00ae<\/sup> teilweise bis zur vollst\u00e4ndigen eigenverantwortlichen \u00dcbernahme relevanter Prozesse.<\/span><\/p>\n<hr \/>\n<p><span style=\"font-size: 8pt;\">GALLEHR+PARTNER<sup>\u00ae<\/sup> nutzt KI-Tools, u.a. zur Unterst\u00fctzung bei der Erstellung von Beitr\u00e4gen. Die Korrektheit der Inhalte und Informationen ist durch die Fachkompetenz unserer Mitarbeitenden sichergestellt.<\/span><\/p>\n<p><span style=\"font-size: 8pt;\">Bei Fragen zu Inhalten k\u00f6nnen Sie sich gerne an <a href=\"mailto:kontakt@gallehr.de\" target=\"_blank\" rel=\"noopener\">kontakt@gallehr.de<\/a> wenden.<\/span><\/p>\n<p>&nbsp;<\/p>\n<p>&nbsp;<\/p>\n<p>&nbsp;<\/p>\n<p>&nbsp;<\/p>\n<p>&nbsp;<\/p>\n<p>&nbsp;<\/p>\n<p>[\/vc_column_text][\/vc_column][\/vc_row]<\/p>\n<\/div>","protected":false},"excerpt":{"rendered":"<p>[vc_row][vc_column width=&#8220;1\/1&#8243;][vc_column_text uncode_shortcode_id=&#8220;313039&#8243;] Gr\u00fcnstrom &#8211; \u00d6kologische Gegenleistungen bei Strompreiskompensation (SPK) und Besonderer Ausgleichsregelung (EnFG) In K\u00fcrze: Seit dem Abrechnungsjahr 2023 [&hellip;]<\/p>\n","protected":false},"author":3,"featured_media":0,"comment_status":"closed","ping_status":"closed","sticky":false,"template":"","format":"standard","meta":{"footnotes":""},"categories":[849,848,180,178],"tags":[204,205,206,207,208,209,238,265,301,312,334,732,770,185,801,189,203],"class_list":["post-87895","post","type-post","status-publish","format-standard","hentry","category-oekologische-gegenleistungen","category-strompreiskompensation","category-news","category-archiv","tag-dehst","tag-fms","tag-spk","tag-strompreiskompensation","tag-virtuelle-poststelle","tag-vps","tag-emissionsberechtigungen","tag-eu-ets","tag-behg","tag-nationaler-emissionshandel","tag-co2","tag-bmwk","tag-emissionen","tag-industrie","tag-energieintensiv","tag-emissionshandel","tag-beihilfen-fur-indirekte-co2-kosten"],"_links":{"self":[{"href":"https:\/\/gallehr.flei.dev\/de\/wp-json\/wp\/v2\/posts\/87895","targetHints":{"allow":["GET"]}}],"collection":[{"href":"https:\/\/gallehr.flei.dev\/de\/wp-json\/wp\/v2\/posts"}],"about":[{"href":"https:\/\/gallehr.flei.dev\/de\/wp-json\/wp\/v2\/types\/post"}],"author":[{"embeddable":true,"href":"https:\/\/gallehr.flei.dev\/de\/wp-json\/wp\/v2\/users\/3"}],"replies":[{"embeddable":true,"href":"https:\/\/gallehr.flei.dev\/de\/wp-json\/wp\/v2\/comments?post=87895"}],"version-history":[{"count":0,"href":"https:\/\/gallehr.flei.dev\/de\/wp-json\/wp\/v2\/posts\/87895\/revisions"}],"wp:attachment":[{"href":"https:\/\/gallehr.flei.dev\/de\/wp-json\/wp\/v2\/media?parent=87895"}],"wp:term":[{"taxonomy":"category","embeddable":true,"href":"https:\/\/gallehr.flei.dev\/de\/wp-json\/wp\/v2\/categories?post=87895"},{"taxonomy":"post_tag","embeddable":true,"href":"https:\/\/gallehr.flei.dev\/de\/wp-json\/wp\/v2\/tags?post=87895"}],"curies":[{"name":"wp","href":"https:\/\/api.w.org\/{rel}","templated":true}]}}