{"id":88074,"date":"2025-05-21T15:31:21","date_gmt":"2025-05-21T13:31:21","guid":{"rendered":"https:\/\/gallehr.flei.dev\/?p=88074"},"modified":"2025-06-02T09:51:11","modified_gmt":"2025-06-02T07:51:11","slug":"eu-ets-1-antrag-auf-nachtraegliche-kompensation-bei-doppelbelastung","status":"publish","type":"post","link":"https:\/\/gallehr.flei.dev\/de\/eu-ets-1-antrag-auf-nachtraegliche-kompensation-bei-doppelbelastung\/","title":{"rendered":"EU-ETS 1 &#8211; Antrag auf nachtr\u00e4gliche Kompensation bei Doppelbelastung"},"content":{"rendered":"<div class=\"wpb-content-wrapper\"><p>[vc_row][vc_column width=&#8220;1\/1&#8243;][vc_column_text uncode_shortcode_id=&#8220;183053&#8243;]<\/p>\n<h2>EU-ETS 1 &#8211;\u00a0 Kompensation von doppeltbelasteten Brennstoffen durch nationalen Emissionshandel<\/h2>\n<hr \/>\n<p><span style=\"font-size: 14pt;\"><strong><span style=\"color: #b01419;\">In K\u00fcrze:<\/span><\/strong><\/span><\/p>\n<p style=\"text-align: justify;\"><span style=\"font-size: 12pt;\"><a href=\"https:\/\/www.dehst.de\/SharedDocs\/Newsletter\/DE\/2025\/20-05-2025-nehs-ets-kompensation.html?view=renderNewsletterHtml\" target=\"_blank\" rel=\"noopener\">Am 20.05.2025<\/a> informierte die <a href=\"https:\/\/dehst.de\" target=\"_blank\" rel=\"noopener\">Deutsche Emissionshandelsstelle (DEHSt)<\/a> \u00fcber die Frist von Antr\u00e4gen auf nachtr\u00e4gliche Kompensation nach \u00a7 8 BEDV zur Vermeidung von Doppelbelastung durch den nationalen Emissionshandel. Die Ausschlussfrist f\u00fcr Antr\u00e4ge der nachtr\u00e4glichen Kompensation war in der Vergangenheit ausschlie\u00dflich der 31.07.<\/span><\/p>\n<p style=\"text-align: justify;\"><span style=\"font-size: 12pt;\">In diesem Jahr gibt es jedoch f\u00fcr die Kompensation des Kalenderjahrs 2024 eine <strong>Ausnahmeregelung<\/strong> f\u00fcr Anlagen, die aufgrund der <strong>\u00c4nderung der Schwellenwerte<\/strong> bestimmter T\u00e4tigkeiten der Emissionshandelsrichtlinie <strong>zum 01.01.2024 emissionshandelshandelspflichtig geworden sind<\/strong> und vor der sp\u00e4ten nationalen Umsetzung durch das ge\u00e4nderte TEHG (Ende M\u00e4rz) die gew\u00f6hnliche Frist nicht einhalten k\u00f6nnen.<\/span><\/p>\n<p style=\"text-align: justify;\"><strong><span style=\"font-size: 12pt;\">Wichtig: F\u00fcr Bestandsanlagen gilt weiterhin die Frist vom 31.07.<\/span><\/strong><\/p>\n<p><strong><span style=\"font-size: 12pt;\">Im Folgenden erfahren Sie mehr, was Unternehmen mit betroffenen Anlagen in dieser Situation machen sollten.<\/span><\/strong><\/p>\n<hr \/>\n<p style=\"text-align: justify;\"><span style=\"font-size: 12pt;\"><strong>Sind Sie sich unsicher, ob Sie vom EU-ETS 1 betroffen sind? Oder haben Sie Fragen hinsichtlich der aufkommenden Pflichten? GALLEHR+PARTNER<sup>\u00ae<\/sup> unterst\u00fctzt Sie bei jeglichen (inkl. strategischen) Fragestellungen rund um den nationalen und europ\u00e4ischen Emissionshandel, f\u00fchrt mit Ihnen einen Betroffenheits-Check durch und \u00fcbernimmt bei Bedarf die vollst\u00e4ndige Berichterstellung und Beh\u00f6rdenkommunikation, soweit zul\u00e4ssig.<\/strong><\/span><\/p>\n<hr \/>\n<h3 style=\"text-align: justify;\">Was ist die nachtr\u00e4gliche Kompensation?<\/h3>\n<p style=\"text-align: justify;\"><span style=\"font-size: 12pt;\"><a href=\"https:\/\/www.dehst.de\/DE\/Themen\/nEHS\/EU-ETS-1-Kompensation\/eu-ets-1-kompensation_node.html\" target=\"_blank\" rel=\"noopener\">Die sogenannte \u201enachtr\u00e4gliche Kompensation\u201c (auch EU-ETS-1-Kompensation genannt)<\/a> nach <a href=\"https:\/\/www.gesetze-im-internet.de\/bedv\/BJNR01D0A0023.html\" target=\"_blank\" rel=\"noopener\">BEDV<\/a> ist ein Mechanismus zur Vermeidung finanzieller Doppelbelastungen f\u00fcr Betreiber von Anlagen, die am Europ\u00e4ischen Emissionshandelssystem (EU-ETS 1) teilnehmen und Brennstoffe verwenden, welche auch dem nationalen Emissionshandelssystem (nEHS) unterliegen.<\/span><\/p>\n<p style=\"text-align: justify;\"><span style=\"font-size: 12pt;\">Kann auf privatwirtschaftlicher Ebene eine Doppelbelastung des Brennstoffs in beiden Emissionshandelssystem nicht vermieden werden, spricht man von der sogenannten Doppelerfassung. Da jede einzelne t CO<sub>2<\/sub> jedoch nur von einem Emissionshandelssystem bepreist werden soll, erm\u00f6glicht die nachtr\u00e4gliche Kompensation die R\u00fcckerstattung von CO<sub>2<\/sub>-Kosten, die durch eine doppelte Erfassung von Brennstoffemissionen im nationalen Emissionshandel entstanden sind.<\/span><\/p>\n<h3 style=\"text-align: justify;\">Welche Anlagen k\u00f6nnen von der Au\u00dfnahmeregelung Gebrauch machen?<\/h3>\n<p style=\"text-align: justify;\"><span style=\"font-size: 12pt;\">Der sogenannte Schwellenwert, ab dem eine (genehmigungspflichtige) Anlage emissionshandelspflichtig ist, wurde f\u00fcr einige T\u00e4tigkeiten ge\u00e4ndert. Anlagen der folgenden T\u00e4tigkeiten, die zum 01.01.2024 emissionshandelspflicht geworden sind, sind potentiell von der Ausnahmeregelung betroffen:<\/span><\/p>\n<p>&nbsp;<\/p>\n<p><img decoding=\"async\" class=\"size-large wp-image-88075\" src=\"https:\/\/gallehr.flei.dev\/wordpress\/wp-content\/uploads\/2025\/05\/TEHG-Schwellenwerte-Stationaere-Anlagen_20250521-1024x360.png\" alt=\"Neue Schwellenwerte TEHG 2025\" width=\"840\" height=\"295\" srcset=\"https:\/\/gallehr.flei.dev\/wp-content\/uploads\/2025\/05\/TEHG-Schwellenwerte-Stationaere-Anlagen_20250521-1024x360.png 1024w, https:\/\/gallehr.flei.dev\/wp-content\/uploads\/2025\/05\/TEHG-Schwellenwerte-Stationaere-Anlagen_20250521-300x106.png 300w, https:\/\/gallehr.flei.dev\/wp-content\/uploads\/2025\/05\/TEHG-Schwellenwerte-Stationaere-Anlagen_20250521-768x270.png 768w, https:\/\/gallehr.flei.dev\/wp-content\/uploads\/2025\/05\/TEHG-Schwellenwerte-Stationaere-Anlagen_20250521-1536x540.png 1536w, https:\/\/gallehr.flei.dev\/wp-content\/uploads\/2025\/05\/TEHG-Schwellenwerte-Stationaere-Anlagen_20250521-2048x721.png 2048w, https:\/\/gallehr.flei.dev\/wp-content\/uploads\/2025\/05\/TEHG-Schwellenwerte-Stationaere-Anlagen_20250521-350x123.png 350w, https:\/\/gallehr.flei.dev\/wp-content\/uploads\/2025\/05\/TEHG-Schwellenwerte-Stationaere-Anlagen_20250521.png 3874w\" sizes=\"(max-width: 840px) 100vw, 840px\" \/><\/p>\n<h3 style=\"text-align: justify;\">Was ist zu tun, um auch nach dem 31.07. einen erfolgreichen Antrag auf nachtr\u00e4gliche Kompensation stellen zu k\u00f6nnen?<\/h3>\n<p style=\"text-align: justify;\"><span style=\"font-size: 12pt;\">Die betroffenen Anlagen, die nicht fristgem\u00e4\u00df zum 31.07. einen Antrag auf nachtr\u00e4gliche Kompensation stellen und von der Ausnahmeregelung Gebrauch machen k\u00f6nnen, sollen den Antrag auf nachtr\u00e4gliche Kompensation im ersten Schritt &#8222;formlos&#8220; \u00fcber die virtuelle Poststelle (VPS) mit folgenden Informationen ank\u00fcndigen:<\/span><\/p>\n<ul>\n<li><span style=\"font-size: 12pt;\">DEHSt-Aktenzeichen der Anlage<\/span><\/li>\n<li><span style=\"font-size: 12pt;\">Betroffene Stoff-\/Brennstoffstr\u00f6me<\/span><\/li>\n<li><span style=\"font-size: 12pt;\">Dazugeh\u00f6rige Mengen<\/span><\/li>\n<\/ul>\n<p style=\"text-align: justify;\"><span style=\"font-size: 12pt;\">Anschlie\u00dfend soll unverz\u00fcglich nach Erstellung des verifizierten Emissionsberichts 2024 der Antrag auf nachtr\u00e4gliche Kompensation eingereicht werden. Dieser muss eine Erl\u00e4uterung der Gr\u00fcnde beeinhalten, weshalb der Antrag nicht fristgem\u00e4\u00df eingereicht werden konnte.<\/span><\/p>\n<p style=\"text-align: justify;\"><span style=\"font-size: 12pt;\">GALLEHR+PARTNER<sup>\u00ae\u00a0<\/sup>m\u00f6chte im Folgenden noch relevante Hinweise f\u00fcr erstmalige Antragsteller geben:<\/span><\/p>\n<ul>\n<li style=\"text-align: justify;\"><span style=\"font-size: 12pt;\">Kompensationsantr\u00e4ge im Umfang von mehr als 1.000 t CO<sub>2<\/sub> m\u00fcssen von einer EU-ETS 1 Pr\u00fcfstelle verifizert werden.<\/span><\/li>\n<li style=\"text-align: justify;\"><span style=\"font-size: 12pt;\">Die Einreichung des Antrags muss wie gewohnt mit einer qualifizierten Signatur erfolgen.<\/span><\/li>\n<\/ul>\n<h3 style=\"text-align: justify;\">Was gilt f\u00fcr Bestandsanlagen, die bereits vor dem 01.01.2024 emissionshandelspflichtig waren?<\/h3>\n<p style=\"text-align: justify;\"><span style=\"font-size: 12pt;\"><strong>Bestandsanlagen<\/strong> m\u00fcssen wie gewohnt ihren Antrag auf nachtr\u00e4gliche CO<sub>2<\/sub>-Kompensation zum <span style=\"color: #b11116;\"><strong>31.07.<\/strong> <\/span>einreichen.<strong> Bei der Frist handelt es sich um eine Ausschlussfrist.<\/strong><\/span><\/p>\n<hr \/>\n<p style=\"text-align: justify;\"><span style=\"font-size: 12pt;\"><strong>GALLEHR+PARTNER<sup>\u00ae<\/sup> empfiehlt fr\u00fchzeitig zu pr\u00fcfen, ob die Ausnameregelung in Anspruch genommen werden muss. Des Weiteren pr\u00fcfen Sie rechtzeitig, ob Sie Beratung und Unterst\u00fctzung brauchen, um alle Anforderungen zu erf\u00fcllen.<\/strong><\/span><\/p>\n<hr \/>\n<h3 style=\"text-align: justify;\"><strong><span style=\"font-size: 12pt; color: #b11116;\">Hinweis:<\/span><\/strong><\/h3>\n<h4 style=\"text-align: justify;\"><span style=\"font-size: 12pt;\">GALLEHR+PARTNER<sup>\u00ae<\/sup> unterst\u00fctzt Sie bei Bedarf vollumf\u00e4nglich bei allen Belangen rund um den europ\u00e4ischen Emissionshandel<\/span><\/h4>\n<p><span style=\"font-size: 12pt;\">Unsere Unterst\u00fctzung im Einzelnen:<\/span><\/p>\n<ul>\n<li><span style=\"font-size: 12pt;\">Strategische Beratung und Optimierung<\/span><\/li>\n<li><span style=\"font-size: 12pt;\">Prognose von kostenloser Zuteilung und Bestimmung des Kaufbedarfs an Emissionszertifikaten inkl. Unterst\u00fctzung bei der Planung einer Kaufstrategie<\/span><\/li>\n<li><span style=\"font-size: 12pt;\">\u00dcbernahme jeglicher Pflichten im Rahmen des Compliance-Zykluses: 1\u00b0 bis 360\u00b0 Unterst\u00fctzung<\/span><\/li>\n<li><span style=\"font-size: 12pt;\">Erstellung von Zuteilungsantr\u00e4gen, \u00dcberwachungspl\u00e4nen, Methodenpl\u00e4nen, Emissionsberichten, Zuteilungsdatenberichten, Verbesserungsbericht, EU-ETS 1 Kompensation und Beantragung von Beihilfen zur Vermeidung von Carbon-Leakage (BEHG)<\/span><\/li>\n<li><span style=\"font-size: 12pt;\">Vermeidung von Doppelbelastungen und Wechsel zwischen EU-ETS 1 \/ BEHG oder EU-ETS 2<\/span><\/li>\n<li><span style=\"font-size: 12pt;\">BEHG bzw. EU-ETS Betroffenheits-Checks, Management, Optimierung und Prozessimplementierung<\/span><\/li>\n<li><span style=\"font-size: 12pt;\">Weitere Dienst- und Hilfeleistungen<\/span><\/li>\n<\/ul>\n<hr \/>\n<p class=\"reader-text-block__heading2\"><span style=\"font-size: 12pt;\"><strong>Bei weiteren <span style=\"color: #b01419;\">Fragen<\/span> stehen <a href=\"https:\/\/gallehr.flei.dev\/de\/team-gallehrpartner\/\" target=\"_blank\" rel=\"noopener\">wir <\/a><span style=\"color: #b01419;\">Ihnen<\/span> gerne direkt zur Verf\u00fcgung. <\/strong><a href=\"https:\/\/gallehr.flei.dev\/de\/kontakt\/\"><strong>Sprechen Sie uns gerne an.<\/strong><\/a><\/span><\/p>\n<p style=\"text-align: justify;\"><span style=\"font-size: 12pt;\">GALLEHR+PARTNER<sup>\u00ae<\/sup> ist seit 2007 der erfahrene Lotse f\u00fcr die Wirtschaft auf dem Weg zur CO\u2082-Neutralit\u00e4t. Zu dem Kundenstamm von GALLEHR+PARTNER<sup>\u00ae<\/sup> geh\u00f6rt eine Vielzahl national und international renommierter Unternehmen. Diese ber\u00e4t und unterst\u00fctzt GALLEHR+PARTNER<sup>\u00ae<\/sup> teilweise bis zur vollst\u00e4ndigen eigenverantwortlichen \u00dcbernahme relevanter Prozesse.<\/span><\/p>\n<hr \/>\n<p><span style=\"font-size: 8pt;\">GALLEHR+PARTNER<sup>\u00ae<\/sup> nutzt KI-Tools, u.a. zur Unterst\u00fctzung bei der Erstellung von Beitr\u00e4gen. Die Korrektheit der Inhalte und Informationen ist durch die Fachkompetenz unserer Mitarbeitenden sichergestellt.<\/span><\/p>\n<p><span style=\"font-size: 8pt;\">Bei Fragen zu Inhalten k\u00f6nnen Sie sich gerne an <a href=\"mailto:kontakt@gallehr.de\" target=\"_blank\" rel=\"noopener\">kontakt@gallehr.de<\/a> wenden.<\/span><\/p>\n<p>&nbsp;[\/vc_column_text][\/vc_column][\/vc_row]<\/p>\n<\/div>","protected":false},"excerpt":{"rendered":"<p>[vc_row][vc_column width=&#8220;1\/1&#8243;][vc_column_text uncode_shortcode_id=&#8220;183053&#8243;] EU-ETS 1 &#8211;\u00a0 Kompensation von doppeltbelasteten Brennstoffen durch nationalen Emissionshandel In K\u00fcrze: Am 20.05.2025 informierte die Deutsche [&hellip;]<\/p>\n","protected":false},"author":3,"featured_media":0,"comment_status":"closed","ping_status":"closed","sticky":false,"template":"","format":"standard","meta":{"footnotes":""},"categories":[837,180,178],"tags":[189,204,205,208,209,238,265,301,304,312,313,732,770,801],"class_list":["post-88074","post","type-post","status-publish","format-standard","hentry","category-emissionshandel","category-news","category-archiv","tag-emissionshandel","tag-dehst","tag-fms","tag-virtuelle-poststelle","tag-vps","tag-emissionsberechtigungen","tag-eu-ets","tag-behg","tag-brennstoffemissionshandelsgesetz","tag-nationaler-emissionshandel","tag-nehs","tag-bmwk","tag-emissionen","tag-energieintensiv"],"_links":{"self":[{"href":"https:\/\/gallehr.flei.dev\/de\/wp-json\/wp\/v2\/posts\/88074","targetHints":{"allow":["GET"]}}],"collection":[{"href":"https:\/\/gallehr.flei.dev\/de\/wp-json\/wp\/v2\/posts"}],"about":[{"href":"https:\/\/gallehr.flei.dev\/de\/wp-json\/wp\/v2\/types\/post"}],"author":[{"embeddable":true,"href":"https:\/\/gallehr.flei.dev\/de\/wp-json\/wp\/v2\/users\/3"}],"replies":[{"embeddable":true,"href":"https:\/\/gallehr.flei.dev\/de\/wp-json\/wp\/v2\/comments?post=88074"}],"version-history":[{"count":0,"href":"https:\/\/gallehr.flei.dev\/de\/wp-json\/wp\/v2\/posts\/88074\/revisions"}],"wp:attachment":[{"href":"https:\/\/gallehr.flei.dev\/de\/wp-json\/wp\/v2\/media?parent=88074"}],"wp:term":[{"taxonomy":"category","embeddable":true,"href":"https:\/\/gallehr.flei.dev\/de\/wp-json\/wp\/v2\/categories?post=88074"},{"taxonomy":"post_tag","embeddable":true,"href":"https:\/\/gallehr.flei.dev\/de\/wp-json\/wp\/v2\/tags?post=88074"}],"curies":[{"name":"wp","href":"https:\/\/api.w.org\/{rel}","templated":true}]}}