{"id":88459,"date":"2025-10-30T14:13:43","date_gmt":"2025-10-30T13:13:43","guid":{"rendered":"https:\/\/gallehr.flei.dev\/?p=88459"},"modified":"2025-10-30T15:11:13","modified_gmt":"2025-10-30T14:11:13","slug":"gallehrpartner-fachtagung-2025-referentin-dr-rena-gradmann","status":"publish","type":"post","link":"https:\/\/gallehr.flei.dev\/de\/gallehrpartner-fachtagung-2025-referentin-dr-rena-gradmann\/","title":{"rendered":"GALLEHR+PARTNER<sup>\u00ae<\/sup> Fachtagung 2025 &#8211; Referentin Dr. Rena Gradmann"},"content":{"rendered":"<div class=\"wpb-content-wrapper\"><p>[vc_row][vc_column width=&#8220;1\/1&#8243;][vc_column_text uncode_shortcode_id=&#8220;210481&#8243;]<\/p>\n<h2>Industrief\u00f6rderungen im Wandel \u2013 CO\u2082-Differenzvertr\u00e4ge und BIK f\u00fcr die industrielle Transformation<\/h2>\n<p style=\"text-align: justify;\"><span style=\"font-size: 12pt;\">Mit dem Start der neuen F\u00f6rderrunde der ehemaligen Klimaschutzvertr\u00e4ge, die nun offiziell <a href=\"https:\/\/www.klimaschutzvertraege.info\/\" target=\"_blank\" rel=\"noopener\">CO\u2082-Differenzvertr\u00e4ge<\/a> hei\u00dfen, f\u00fchrt das <a href=\"https:\/\/www.bundeswirtschaftsministerium.de\/Navigation\/DE\/Home\/home.html\" target=\"_blank\" rel=\"noopener\">Bundesministerium f\u00fcr Wirtschaft und Energie (BMWE)<\/a> ein flexibles und dynamisches F\u00f6rderinstrument f\u00fcr die industrielle Transformation fort. Ziel dabei, Investitionen in klimaneutrale Produktionsverfahren langfristig abzusichern und gleichzeitig auf die reale Entwicklungsdynamik industrieller Projekte zu reagieren.<\/span><\/p>\n<p style=\"text-align: justify;\"><span style=\"font-size: 12pt;\">Viele Unternehmen stehen derzeit vor der Frage: Wie stark wird die neue <a href=\"https:\/\/www.klimaschutzvertraege.info\/\">F\u00f6rderrichtlinie<\/a> flexibilisiert? Welche Rolle spielen Einzelfallentscheidungen bei k\u00fcnftigen Abweichungen oder P\u00f6nalen? Und wie wird die wirtschaftliche Dynamisierung \u2013 also die laufende Anpassung an Energie- und CO\u2082-Preisentwicklungen \u2013 konkret ausgestaltet?<\/span><\/p>\n<p style=\"text-align: justify;\"><span style=\"font-size: 12pt;\">Parallel dazu er\u00f6ffnet das <a href=\"https:\/\/www.ptj.de\/foerdermoeglichkeiten\/bik\/modul2\" target=\"_blank\" rel=\"noopener\">Modul 2 der Bundesf\u00f6rderung Industrie und Klimaschutz (BIK)<\/a> neue Chancen f\u00fcr Projekte zur CO\u2082-Abscheidung, -Nutzung und -Speicherung (CCU\/CCS). Dieses eigenst\u00e4ndige F\u00f6rderinstrument richtet sich vorrangig an Branchen mit prozessbedingt unvermeidbaren Emissionen, wie etwa die Zement-, Kalk- oder Abfallwirtschaft. Es erg\u00e4nzt die bestehende F\u00f6rderlandschaft um einen gezielten Baustein f\u00fcr CO\u2082-Managementtechnologien und schafft damit zus\u00e4tzliche Perspektiven, um industrielle Restemissionen nachhaltig zu reduzieren oder stofflich zu nutzen.<\/span><\/p>\n<p style=\"text-align: justify;\"><span style=\"font-size: 12pt;\"><a href=\"https:\/\/www.ptj.de\/ueber-uns\/profil\/ansprechpersonen\/foerderthemen\">Dr. Rena Gradmann<\/a>, Industrieberaterin beim <a href=\"https:\/\/www.ptj.de\/\" target=\"_blank\" rel=\"noopener\">Projekttr\u00e4ger J\u00fclich (PtJ)<\/a>, begleitet die Ausarbeitung und Betreuung des F\u00f6rderprogramms Klimaschutzvertr\u00e4ge seit 2023 und ist zudem Co-Projektleiterin des CCU\/S-Moduls der <em>Bundesf\u00f6rderung Industrie und Klimaschutz (BIK)<\/em>. Dar\u00fcber hinaus ber\u00e4t sie zur Weiterentwicklung der Programme, arbeitet an der Harmonisierung der F\u00f6rderbedingungen mit EU-Vorgaben und f\u00fchrt Antragsberatungen sowie Unternehmensgespr\u00e4che mit Fokus auf CCU\/CCS-Vorhaben.<\/span><\/p>\n<p style=\"text-align: justify;\"><span style=\"font-size: 12pt;\">Auf unserer Fachtagung wird <a href=\"https:\/\/www.ptj.de\/ueber-uns\/profil\/ansprechpersonen\/foerderthemen\">Dr. Rena Gradmann (PtJ)<\/a> einen fundierten \u00dcberblick \u00fcber die Anpassungen der F\u00f6rderrichtlinie und die Erfahrungen aus den bisherigen Verfahren geben. Als betreuender Partner des <a href=\"https:\/\/www.bundeswirtschaftsministerium.de\/Navigation\/DE\/Home\/home.html\">BMWE<\/a> ist der <a href=\"https:\/\/www.ptj.de\/\" target=\"_blank\" rel=\"noopener\">PtJ<\/a> eng in die Umsetzung der CO\u2082-Differenzvertr\u00e4ge sowie des BIK \u2013 Modul 2 eingebunden und damit eine zentrale Schnittstelle zwischen Politik, Verwaltung und Industrie.<\/span><\/p>\n<p style=\"text-align: justify;\"><span style=\"font-size: 12pt;\">Wer schon heute mehr dar\u00fcber erfahren m\u00f6chte, welche neuen Spielr\u00e4ume die CO\u2082-Differenzvertr\u00e4ge k\u00fcnftig er\u00f6ffnen, dem sei der kommende Vortrag auf unserer Fachtagung 2025 empfohlen:<\/span><\/p>\n<p style=\"text-align: justify;\"><span style=\"font-size: 12pt;\"><strong>GALLEHR+PARTNER<sup>\u00ae<\/sup><\/strong> l\u00e4dt herzlich zur Fachveranstaltung <em>\u201eDie deutsche Industrie zwischen Regulatorik und Innovation. Klimaneutral. Wettbewerbsf\u00e4hig. Flexibel.\u201c<\/em> am <strong>26.\/27. November 2025 im Kronenschl\u00f6sschen, Eltville<\/strong> ein.<\/span><\/p>\n<p style=\"text-align: justify;\"><span style=\"font-size: 12pt;\">Sind Sie neugierig? Hier erfahren Sie mehr: <a href=\"https:\/\/gallehr.flei.dev\/de\/fachveranstaltung-2025\">www.gallehr.de\/de\/fachveranstaltung-2025<\/a><\/span><\/p>\n<p style=\"text-align: justify;\">#bundesf\u00f6rderung #dekarbonisierung #fachveranstaltung2025 #<a href=\"https:\/\/www.ptj.de\/\" target=\"_blank\" rel=\"noopener\">ptJ<\/a> #f\u00f6rdermittel #klimaschutzvertr\u00e4ge #CO\u2082-Differenzvertr\u00e4ge #GALLEHRplusPartner<\/p>\n<div class='wp-block-pdfp-pdf-poster  alignnone'\n    id='block-1'\n    data-attributes='{&quot;file&quot;:&quot;https:\\\/\\\/gallehr.flei.dev\\\/wordpress\\\/wp-content\\\/uploads\\\/2025\\\/10\\\/Anzeige-Rena-Gradmann-PtJ-V03.pdf&quot;,&quot;height&quot;:{&quot;desktop&quot;:&quot;1050px&quot;,&quot;tablet&quot;:&quot;700px&quot;,&quot;mobile&quot;:&quot;400px&quot;},&quot;btnStyles&quot;:{&quot;background&quot;:&quot;#2271b1&quot;,&quot;color&quot;:&quot;#fff&quot;,&quot;fontSize&quot;:&quot;16px&quot;,&quot;padding&quot;:{&quot;top&quot;:10,&quot;right&quot;:20,&quot;bottom&quot;:10,&quot;left&quot;:10}},&quot;align&quot;:&quot;none&quot;,&quot;alignment&quot;:&quot;left&quot;,&quot;title&quot;:&quot;&quot;,&quot;titleFontSize&quot;:&quot;16px&quot;,&quot;width&quot;:{&quot;desktop&quot;:&quot;100%&quot;,&quot;tablet&quot;:&quot;100%&quot;,&quot;mobile&quot;:&quot;100%&quot;},&quot;showName&quot;:false,&quot;print&quot;:false,&quot;onlyPDF&quot;:false,&quot;defaultBrowser&quot;:false,&quot;downloadButton&quot;:false,&quot;downloadButtonText&quot;:&quot;Download File&quot;,&quot;fullscreenButton&quot;:true,&quot;fullscreenButtonText&quot;:&quot;View Fullscreen&quot;,&quot;actionsPosition&quot;:&quot;top&quot;,&quot;newWindow&quot;:false,&quot;protect&quot;:false,&quot;thumbMenu&quot;:false,&quot;sidebarOpen&quot;:false,&quot;initialPage&quot;:0,&quot;alert&quot;:false,&quot;lastVersion&quot;:false,&quot;hrScroll&quot;:false,&quot;isHideRightToolbar&quot;:false,&quot;additional&quot;:{&quot;ID&quot;:&quot;&quot;,&quot;Class&quot;:&quot;&quot;,&quot;CSS&quot;:&quot;&quot;},&quot;adobeEmbedder&quot;:false,&quot;adobeOptions&quot;:{&quot;showDownloadPDF&quot;:true,&quot;showPrintPDF&quot;:true,&quot;showAnnotationTools&quot;:true,&quot;showFullScreen&quot;:false,&quot;embedMode&quot;:&quot;SIZED_CONTAINER&quot;},&quot;popupOptions&quot;:{&quot;enabled&quot;:false,&quot;triggerType&quot;:&quot;button&quot;,&quot;image&quot;:&quot;&quot;,&quot;imagePdfIcon&quot;:true,&quot;imageHeight&quot;:&quot;200px&quot;,&quot;imageWidth&quot;:&quot;300px&quot;,&quot;text&quot;:&quot;Open PDF&quot;,&quot;btnStyle&quot;:{&quot;background&quot;:&quot;#2271b1&quot;,&quot;color&quot;:&quot;#fff&quot;,&quot;fontSize&quot;:&quot;16px&quot;,&quot;padding&quot;:{&quot;top&quot;:10,&quot;right&quot;:20,&quot;bottom&quot;:10,&quot;left&quot;:10}}},&quot;popupBtnStyle&quot;:{&quot;background&quot;:&quot;#2271b1&quot;,&quot;color&quot;:&quot;#fff&quot;,&quot;padding&quot;:{&quot;top&quot;:10,&quot;right&quot;:20,&quot;bottom&quot;:10,&quot;left&quot;:10}},&quot;popupBtnText&quot;:&quot;Open Document&quot;,&quot;CSS&quot;:&quot;&quot;,&quot;socialShare&quot;:{&quot;enabled&quot;:false,&quot;facebook&quot;:true,&quot;twitter&quot;:true,&quot;linkedin&quot;:true,&quot;pinterest&quot;:true,&quot;position&quot;:&quot;top&quot;},&quot;isPremium&quot;:false}'\n    style=\"text-align: left\">\n            <div class=\"pdfp_loading_placeholder\" style=\"height: 1050px; width: 100%; display: flex; align-items: center; justify-content: center; background: #f5f5f5; border: 1px solid #ddd;\">\n             <p>Loading Viewer...<\/p>\n        <\/div>\n    <\/div>\n[\/vc_column_text][\/vc_column][\/vc_row]<\/p>\n<\/div>","protected":false},"excerpt":{"rendered":"<p>[vc_row][vc_column width=&#8220;1\/1&#8243;][vc_column_text uncode_shortcode_id=&#8220;210481&#8243;] Industrief\u00f6rderungen im Wandel \u2013 CO\u2082-Differenzvertr\u00e4ge und BIK f\u00fcr die industrielle Transformation Mit dem Start der neuen F\u00f6rderrunde [&hellip;]<\/p>\n","protected":false},"author":17,"featured_media":0,"comment_status":"closed","ping_status":"closed","sticky":false,"template":"","format":"standard","meta":{"footnotes":""},"categories":[873,180],"tags":[878,185,694,764,868,877],"class_list":["post-88459","post","type-post","status-publish","format-standard","hentry","category-fachtagung-2025","category-news","tag-stahlproduktion","tag-industrie","tag-energieversorgung","tag-dekarbonisierung","tag-thermische-prozesse","tag-flexibilisierung"],"_links":{"self":[{"href":"https:\/\/gallehr.flei.dev\/de\/wp-json\/wp\/v2\/posts\/88459","targetHints":{"allow":["GET"]}}],"collection":[{"href":"https:\/\/gallehr.flei.dev\/de\/wp-json\/wp\/v2\/posts"}],"about":[{"href":"https:\/\/gallehr.flei.dev\/de\/wp-json\/wp\/v2\/types\/post"}],"author":[{"embeddable":true,"href":"https:\/\/gallehr.flei.dev\/de\/wp-json\/wp\/v2\/users\/17"}],"replies":[{"embeddable":true,"href":"https:\/\/gallehr.flei.dev\/de\/wp-json\/wp\/v2\/comments?post=88459"}],"version-history":[{"count":0,"href":"https:\/\/gallehr.flei.dev\/de\/wp-json\/wp\/v2\/posts\/88459\/revisions"}],"wp:attachment":[{"href":"https:\/\/gallehr.flei.dev\/de\/wp-json\/wp\/v2\/media?parent=88459"}],"wp:term":[{"taxonomy":"category","embeddable":true,"href":"https:\/\/gallehr.flei.dev\/de\/wp-json\/wp\/v2\/categories?post=88459"},{"taxonomy":"post_tag","embeddable":true,"href":"https:\/\/gallehr.flei.dev\/de\/wp-json\/wp\/v2\/tags?post=88459"}],"curies":[{"name":"wp","href":"https:\/\/api.w.org\/{rel}","templated":true}]}}