{"id":88484,"date":"2025-11-11T18:59:59","date_gmt":"2025-11-11T17:59:59","guid":{"rendered":"https:\/\/gallehr.flei.dev\/?p=88484"},"modified":"2025-11-11T19:02:12","modified_gmt":"2025-11-11T18:02:12","slug":"gallehrpartner-fachtagung-2025-referent-sven-worm","status":"publish","type":"post","link":"https:\/\/gallehr.flei.dev\/de\/gallehrpartner-fachtagung-2025-referent-sven-worm\/","title":{"rendered":"GALLEHR+PARTNER<sup>\u00ae<\/sup> Fachtagung 2025 &#8211; Referent Sven Worm"},"content":{"rendered":"<div class=\"wpb-content-wrapper\"><p>[vc_row][vc_column width=&#8220;1\/1&#8243;][vc_column_text uncode_shortcode_id=&#8220;158817&#8243;]<\/p>\n<h2>Quo Vadis \u2013 EU ETS I und II, CBAM, SPK ? What\u2019s next?<\/h2>\n<p><span style=\"font-size: 12pt;\">Unternehmen stehen vor der Herausforderung, ihre Compliance-Systeme auf ein immer komplexer werdendes Geflecht aus europ\u00e4ischen und nationalen Klimaschutzvorgaben auszurichten. Die j\u00fcngste Reform des bestehenden <a href=\"https:\/\/gallehr.flei.dev\/de\/leistungen\/verpflichtender-emissionshandel-eu-und-de\/\" target=\"_blank\" rel=\"noopener\">EU ETS 1<\/a>, die Einf\u00fchrung des neuen EU ETS 2 f\u00fcr die Bereiche Geb\u00e4ude und Verkehr sowie die schrittweise Umsetzung des <a href=\"https:\/\/gallehr.flei.dev\/de\/leistungen\/carbon-border-adjustment-mechanism-cbam\/\" target=\"_blank\" rel=\"noopener\">CBAM<\/a> markieren dabei einen tiefgreifenden Wandel der europ\u00e4ischen Klimaschutzregulatorik. Die Neuerungen ver\u00e4ndern nicht nur die wirtschaftlichen Rahmenbedingungen energieintensiver Unternehmen, sondern f\u00fchren auch zu neuen Anforderungen bei der Berichterstattung, Datentransparenz und Compliance-Organisation.<\/span><\/p>\n<p><span style=\"font-size: 12pt;\">Welche Berichtspflichten entstehen k\u00fcnftig im Zuge der EU-ETS-Reformen? Wie lassen sich Daten- und Emissionsmanagement rechtssicher organisieren? Und wie k\u00f6nnen Unternehmen sicherstellen, dass regulatorische Risiken fr\u00fchzeitig erkannt und strategisch adressiert werden? <strong><a href=\"https:\/\/gallehr.flei.dev\/de\/team-gallehrpartner\/sven-worm\/\" target=\"_blank\" rel=\"noopener\">Sven Worm<\/a> <\/strong>greift diese Fragen auf und ordnet sie in den Gesamtkontext der kommenden Regulierungsjahre ein.<\/span><\/p>\n<p><span style=\"font-size: 12pt;\">Herr Worm, Ingenieur f\u00fcr Umwelttechnik (B.Eng), leitet den Bereich <a href=\"https:\/\/gallehr.flei.dev\/de\/leistungen\/\">Compliance<\/a> bei GALLEHR+PARTNER\u00ae. Der Schwerpunkt seiner Beratungst\u00e4tigkeit liegt auf der Einhaltung von regulatorischer Anforderungen in den Themenfeldern Klimaschutz, Emissionshandel und Nachhaltigkeitsberichterstattung sowie die fortlaufende betriebliche Anpassung an deren gesetzgeberische Weiterentwicklung. Durch seine langj\u00e4hrige Erfahrung an der Schnittstelle von Recht, Umwelt- und Energiepolitik bringt er eine fundierte Expertise bei der Umsetzung komplexer Regulierungen in die unternehmerische Praxis ein.<\/span><\/p>\n<p><span style=\"font-size: 12pt;\">Mit seinem Vortrag beleuchtet Sven Worm die kommenden Entwicklungen in zentralen Regulierungsfeldern der europ\u00e4ischen Klimapolitik. Im Fokus stehen\u00a0die Weiterentwicklung des europ\u00e4ischen Emissionshandelssystems (<a href=\"https:\/\/gallehr.flei.dev\/de\/tag\/eu-ets\/\" target=\"_blank\" rel=\"noopener\">EU-ETS I &amp; II<\/a>), die <a href=\"https:\/\/gallehr.flei.dev\/de\/tag\/Strompreiskompensation\/\" target=\"_blank\" rel=\"noopener\">Strompreiskompensation (SPK)<\/a> sowie der <a href=\"https:\/\/gallehr.flei.dev\/de\/tag\/cbam\/\" target=\"_blank\" rel=\"noopener\">Carbon Border Adjustment Mechanism (CBAM)<\/a>. Dabei zeigt er auf, welche regulatorischen Weichenstellungen Industrieunternehmen in den n\u00e4chsten Jahren erwarten \u2013 und wie sich Compliance-Strukturen darauf einstellen k\u00f6nnen.<\/span><\/p>\n<p><span style=\"font-size: 12pt;\">Wer einen systematischen \u00dcberblick \u00fcber betriebliche Compliance unter den Vorzeichen der Klimaschutzpolitik erhalten m\u00f6chte, wird diesem Vortrag mit Gewinn zuh\u00f6ren.<\/span><\/p>\n<p style=\"text-align: justify;\"><span style=\"font-size: 12pt;\"><strong>GALLEHR+PARTNER<sup>\u00ae<\/sup><\/strong> l\u00e4dt herzlich zur Fachveranstaltung <em>\u201eDie deutsche Industrie zwischen Regulatorik und Innovation. Klimaneutral. Wettbewerbsf\u00e4hig. Flexibel.\u201c<\/em> am <strong>26.\/27. November 2025 im Kronenschl\u00f6sschen, Eltville<\/strong> ein.<\/span><\/p>\n<p style=\"text-align: justify;\"><span style=\"font-size: 12pt;\">Sind Sie neugierig? Hier erfahren Sie mehr: <a href=\"https:\/\/gallehr.flei.dev\/de\/fachveranstaltung-2025\">www.gallehr.de\/de\/fachveranstaltung-2025<\/a><\/span><\/p>\n<p style=\"text-align: justify;\"><span style=\"font-size: 12pt;\">#DEHSt #Klimaschutz #Wettbewerbsf\u00e4higkeit #Industrie #Regulatorik #Nachhaltigkeit #Fachveranstaltung<\/span><\/p>\n<div class='wp-block-pdfp-pdf-poster  alignnone'\n    id='block-1'\n    data-attributes='{&quot;file&quot;:&quot;https:\\\/\\\/gallehr.flei.dev\\\/wordpress\\\/wp-content\\\/uploads\\\/2025\\\/11\\\/Anzeige-Sven-Worm-V02-1.pdf&quot;,&quot;height&quot;:{&quot;desktop&quot;:&quot;1050px&quot;,&quot;tablet&quot;:&quot;700px&quot;,&quot;mobile&quot;:&quot;400px&quot;},&quot;btnStyles&quot;:{&quot;background&quot;:&quot;#2271b1&quot;,&quot;color&quot;:&quot;#fff&quot;,&quot;fontSize&quot;:&quot;16px&quot;,&quot;padding&quot;:{&quot;top&quot;:10,&quot;right&quot;:20,&quot;bottom&quot;:10,&quot;left&quot;:10}},&quot;align&quot;:&quot;none&quot;,&quot;alignment&quot;:&quot;left&quot;,&quot;title&quot;:&quot;&quot;,&quot;titleFontSize&quot;:&quot;16px&quot;,&quot;width&quot;:{&quot;desktop&quot;:&quot;100%&quot;,&quot;tablet&quot;:&quot;100%&quot;,&quot;mobile&quot;:&quot;100%&quot;},&quot;showName&quot;:false,&quot;print&quot;:false,&quot;onlyPDF&quot;:false,&quot;defaultBrowser&quot;:false,&quot;downloadButton&quot;:false,&quot;downloadButtonText&quot;:&quot;Download File&quot;,&quot;fullscreenButton&quot;:true,&quot;fullscreenButtonText&quot;:&quot;View Fullscreen&quot;,&quot;actionsPosition&quot;:&quot;top&quot;,&quot;newWindow&quot;:false,&quot;protect&quot;:false,&quot;thumbMenu&quot;:false,&quot;sidebarOpen&quot;:false,&quot;initialPage&quot;:0,&quot;alert&quot;:false,&quot;lastVersion&quot;:false,&quot;hrScroll&quot;:false,&quot;isHideRightToolbar&quot;:false,&quot;additional&quot;:{&quot;ID&quot;:&quot;&quot;,&quot;Class&quot;:&quot;&quot;,&quot;CSS&quot;:&quot;&quot;},&quot;adobeEmbedder&quot;:false,&quot;adobeOptions&quot;:{&quot;showDownloadPDF&quot;:true,&quot;showPrintPDF&quot;:true,&quot;showAnnotationTools&quot;:true,&quot;showFullScreen&quot;:false,&quot;embedMode&quot;:&quot;SIZED_CONTAINER&quot;},&quot;popupOptions&quot;:{&quot;enabled&quot;:false,&quot;triggerType&quot;:&quot;button&quot;,&quot;image&quot;:&quot;&quot;,&quot;imagePdfIcon&quot;:true,&quot;imageHeight&quot;:&quot;200px&quot;,&quot;imageWidth&quot;:&quot;300px&quot;,&quot;text&quot;:&quot;Open PDF&quot;,&quot;btnStyle&quot;:{&quot;background&quot;:&quot;#2271b1&quot;,&quot;color&quot;:&quot;#fff&quot;,&quot;fontSize&quot;:&quot;16px&quot;,&quot;padding&quot;:{&quot;top&quot;:10,&quot;right&quot;:20,&quot;bottom&quot;:10,&quot;left&quot;:10}}},&quot;popupBtnStyle&quot;:{&quot;background&quot;:&quot;#2271b1&quot;,&quot;color&quot;:&quot;#fff&quot;,&quot;padding&quot;:{&quot;top&quot;:10,&quot;right&quot;:20,&quot;bottom&quot;:10,&quot;left&quot;:10}},&quot;popupBtnText&quot;:&quot;Open Document&quot;,&quot;CSS&quot;:&quot;&quot;,&quot;socialShare&quot;:{&quot;enabled&quot;:false,&quot;facebook&quot;:true,&quot;twitter&quot;:true,&quot;linkedin&quot;:true,&quot;pinterest&quot;:true,&quot;position&quot;:&quot;top&quot;},&quot;isPremium&quot;:false}'\n    style=\"text-align: left\">\n            <div class=\"pdfp_loading_placeholder\" style=\"height: 1050px; width: 100%; display: flex; align-items: center; justify-content: center; background: #f5f5f5; border: 1px solid #ddd;\">\n             <p>Loading Viewer...<\/p>\n        <\/div>\n    <\/div>\n[\/vc_column_text][\/vc_column][\/vc_row]<\/p>\n<\/div>","protected":false},"excerpt":{"rendered":"<p>[vc_row][vc_column width=&#8220;1\/1&#8243;][vc_column_text uncode_shortcode_id=&#8220;158817&#8243;] Quo Vadis \u2013 EU ETS I und II, CBAM, SPK ? What\u2019s next? Unternehmen stehen vor der [&hellip;]<\/p>\n","protected":false},"author":24,"featured_media":0,"comment_status":"closed","ping_status":"closed","sticky":false,"template":"","format":"standard","meta":{"footnotes":""},"categories":[873,180],"tags":[204,207,265,312,735],"class_list":["post-88484","post","type-post","status-publish","format-standard","hentry","category-fachtagung-2025","category-news","tag-dehst","tag-strompreiskompensation","tag-eu-ets","tag-nationaler-emissionshandel","tag-cbam"],"_links":{"self":[{"href":"https:\/\/gallehr.flei.dev\/de\/wp-json\/wp\/v2\/posts\/88484","targetHints":{"allow":["GET"]}}],"collection":[{"href":"https:\/\/gallehr.flei.dev\/de\/wp-json\/wp\/v2\/posts"}],"about":[{"href":"https:\/\/gallehr.flei.dev\/de\/wp-json\/wp\/v2\/types\/post"}],"author":[{"embeddable":true,"href":"https:\/\/gallehr.flei.dev\/de\/wp-json\/wp\/v2\/users\/24"}],"replies":[{"embeddable":true,"href":"https:\/\/gallehr.flei.dev\/de\/wp-json\/wp\/v2\/comments?post=88484"}],"version-history":[{"count":0,"href":"https:\/\/gallehr.flei.dev\/de\/wp-json\/wp\/v2\/posts\/88484\/revisions"}],"wp:attachment":[{"href":"https:\/\/gallehr.flei.dev\/de\/wp-json\/wp\/v2\/media?parent=88484"}],"wp:term":[{"taxonomy":"category","embeddable":true,"href":"https:\/\/gallehr.flei.dev\/de\/wp-json\/wp\/v2\/categories?post=88484"},{"taxonomy":"post_tag","embeddable":true,"href":"https:\/\/gallehr.flei.dev\/de\/wp-json\/wp\/v2\/tags?post=88484"}],"curies":[{"name":"wp","href":"https:\/\/api.w.org\/{rel}","templated":true}]}}