{"id":88492,"date":"2025-11-11T11:00:28","date_gmt":"2025-11-11T10:00:28","guid":{"rendered":"https:\/\/gallehr.flei.dev\/?p=88492"},"modified":"2025-11-25T14:28:50","modified_gmt":"2025-11-25T13:28:50","slug":"eu-ets-1-neuerungen-bei-einsatz-von-brennstoffen-und-carbon-capture","status":"publish","type":"post","link":"https:\/\/gallehr.flei.dev\/de\/eu-ets-1-neuerungen-bei-einsatz-von-brennstoffen-und-carbon-capture\/","title":{"rendered":"EU-ETS 1 &#8211; Neuerungen bei Einsatz von Brennstoffen und Carbon Capture"},"content":{"rendered":"<div class=\"wpb-content-wrapper\"><p>[vc_row][vc_column width=&#8220;1\/1&#8243;][vc_column_text uncode_shortcode_id=&#8220;611187&#8243;]<\/p>\n<h2>\u00dcberwachungspl\u00e4ne m\u00fcssen angepasst werden<\/h2>\n<hr \/>\n<p><span style=\"font-size: 14pt;\"><strong><span style=\"color: #b01419;\">In K\u00fcrze:<\/span><\/strong><\/span><\/p>\n<p style=\"text-align: justify;\"><span style=\"font-size: 12pt;\">Beim \u00dcberwachungsplan f\u00fcr das europ\u00e4ische Emissionshandelssystem (EU ETS 1) gibt es wesentliche Neuerungen. Die <a href=\"https:\/\/dehst.de\" target=\"_blank\" rel=\"noopener\">Deutsche Emissionshandelsstelle (DEHSt)<\/a> hat den Leitfaden zur Erstellung von \u00dcberwachungspl\u00e4nen und Emissionsberichten f\u00fcr station\u00e4re Anlagen (Handelsperiode 2021\u20132030) \u00fcberarbeitet. Der Einsatz von Carbon Capture and Utilization (CCU) oder von Carbon Capture and Storage (CCS) erlaubt einen Abzug bei der H\u00f6he der auszugleichenden CO\u2082-Emissionen. Beim Einsatz von Erdgas wurden neue Standard-Berechnungsfaktoren festgelegt. Bei Verbrennung von Abfall und Biomasse \u00e4ndern sich Berichtspflichten. Besteht f\u00fcr Sie Handlungsbedarf?<br \/>\n<\/span><\/p>\n<hr \/>\n<h3>1. Anrechnung von CCU und CCS bei CO\u2082-Emissionen<\/h3>\n<p style=\"text-align: justify;\">Bei den \u00dcberwachungspl\u00e4nen und Emissionsberichten f\u00fcr station\u00e4re Anlagen bestehen nun M\u00f6glichkeiten bei Einsatz von Carbon Capture and Utilization (CCU) die Menge der CO2-Emissionen zu reduzieren, die abschlie\u00dfend auszugleichen sind. Der CO\u2082-Abzug ist m\u00f6glich, wenn CO\u2082 in von der DEHSt genau festgelegten Produkten (z.B. carbonatisiertem Granulat oder Beton) dauerhaft chemisch gebunden wird. Auch bei Einsatz von Carbon Capture and Storage (CCS) ist ein Abzug von CO\u2082-Emissionsmengen m\u00f6glich, wenn Abscheidung, Transport und Speichereinrichtungen eindeutig dokumentiert und nachgewiesen werden k\u00f6nnen.<\/p>\n<p style=\"text-align: justify;\">Da es derzeit noch nicht m\u00f6glich ist, dies vollst\u00e4ndig im Formular-Management-System (FMS) der DEHSt zu erfassen, m\u00fcssen Begleitdokumente erstellt werden, sofern eine Anrechnung der Emissionseinsparungen aus CCU oder CCS beantragt werden. Beide Methoden m\u00fcssen in den bestehenden \u00dcberwachungsplan integriert werden.<br \/>\nUnternehmen, die bisher nicht vom TEHG betroffen waren, aber an Abscheidung, Transport oder Speicherung wesentlich beteiligt sind, m\u00fcssen eine Emissionsgenehmigung nach \u00a74 TEHG beantragen.<\/p>\n<p>Folgender Handlungsbedarf besteht f\u00fcr Ihr Unternehmen, falls f\u00fcr Ihre Anlage die Anrechnung von Emissionseinsparungen durch CCU oder CCS relevant ist:<\/p>\n<ul>\n<li>Ggf. \u00dcbertragungsvereinbarung mit dem CCS\/CCU-Akteur abschlie\u00dfen<\/li>\n<li>\u00dcberwachungsplan entsprechend anpassen<\/li>\n<li>\u00dcberwachungsplan vor dem ersten Berichtsjahr einreichen, in dem CCU oder CCS bei Ihrer Anlage eine Rolle spielt<\/li>\n<\/ul>\n<h3>2. Neue Standardwerte f\u00fcr Erdgas<\/h3>\n<p style=\"text-align: justify;\">Die DEHSt hat eine anlassbezogene Auswertung der Standard-Berechnungsfaktoren f\u00fcr Erdgas auf Basis der Analysen von 2023 und 2024 vorgenommen. Im Leitfaden sind diese Werte aufgenommen. Die neuen verbindlichen Werte ab 01.01.2026 lauten:<\/p>\n<ul>\n<li>Erdgas H: Heizwert Hu = 37,4 MJ\/m\u00b3, Emissionsfaktor EF = 0,0564 t CO\u2082\/GJ<\/li>\n<li>Erdgas L: Heizwert Hu = 33,0 MJ\/m\u00b3, Emissionsfaktor EF = 0,0561 t CO\u2082\/GJ<\/li>\n<\/ul>\n<p style=\"text-align: justify;\">Wenn im bisherigen \u00dcberwachungsplan bereits auf die Verwendung der Standardwerte der DEHSt verwiesen wurde, besteht kein neuer Handlungsbedarf. Falls Ihr Unternehmen nicht diese Standardwerte verwenden m\u00f6chten, m\u00fcssen Sie im \u00dcberwachungsplan eine andere Methode angeben und den ge\u00e4nderten Plan bis Ende 2025 einreichen.<\/p>\n<h3>3. Einsatz von Abf\u00e4llen<\/h3>\n<p style=\"text-align: justify;\">Infolge der \u00c4nderung der Monitoring-Verordnung (MVO) wurde das neue Feld \u201eASN Nummer\u201c (Abfallschl\u00fcsselnummer) in das FMS aufgenommen. Anlagenbetreiber, die Abf\u00e4lle einsetzen, sind aufgefordert, ihren \u00dcberwachungsplan entsprechend anzupassen und bis Ende 2025 einzureichen.<\/p>\n<h3>4. Anforderungen aus RED und Anforderungen an biogene Anteile in Abfallbrennstoffen<\/h3>\n<p style=\"text-align: justify;\">Durch die Revision der Erneuerbare\u2011Energien\u2011Richtlinie (RED) gelten Schwellenwerte nach Artikel 29 Abs. 10 RED auch f\u00fcr bestimmte Anlagen im EU-ETS 1, die vor dem 01.01.2021 Biomasse genutzt haben. Abfall- und Reststoffe mit biogenem Anteil unterliegen nach Artikel 29 RED nicht automatisch den fl\u00e4chenbezogenen Nachhaltigkeitskriterien \u2013 aber Unternehmen m\u00fcssen die Abfalleigenschaft nachweisen, eine korrekte Massenbilanzierung (Art. 30 RED) vornehmen und ggf. einen Treibhausgasminderungsnachweis erbringen.<\/p>\n<p style=\"text-align: justify;\">Als Vollzugserleichterung darf bei Abf\u00e4llen mit einer Abfallschl\u00fcsselnummer, die direkt in einer EU-ETS1-Anlage verbrannt werden, auf den Treibhausgasminderungsnachweis verzichtet werden. Bei Altholz der Klasse A I gilt dabei eine Besonderheit: Stammt dieses direkt aus Land-\/Forstwirtschaft, dann gelten die vollen Nachweispflichten der RED (d.h. keine Vollzugserleichterung!). In diesem Fall m\u00fcssen auch die fl\u00e4chenbezogenen Nachhaltigkeitskriterien erf\u00fcllt werden.<\/p>\n<p style=\"text-align: justify;\">Im Allgemeinen gelten f\u00fcr den Einsatz von Biomasse, welche unmittelbar aus der Land-\/Forstwirtschaft stammt, die vollen Nachweispflichten gem\u00e4\u00df der RED.<\/p>\n<p><strong>Wichtig: Die verbindlichen Treibhausgasminderungspflichten f\u00fcr EU-ETS 1 werden erst durch die Novelle der Emissionshandelsverordnung (EHV) 2030 festgelegt \u2013 bis dahin sollten Anlagenbetreiber vorbereitet sein:<\/strong><\/p>\n<ul>\n<li style=\"text-align: justify;\">Pr\u00fcfen Sie, ob Ihre Anlage biogene Anteile nutzt und ob Nachhaltigkeitsnachweise erforderlich sind.<\/li>\n<li style=\"text-align: justify;\">Achten Sie darauf, dass in Ihrem \u00dcberwachungsplan die Vorgaben zur Massenbilanzierung, Nachhaltigkeit und ggf. der Treibhausgasminderung aufgenommen sind.<\/li>\n<li style=\"text-align: justify;\">Passen Sie Ihren \u00dcberwachungsplan bis Ende 2025 an. Falls auf den Treibhausgasminderungsnachweis verzichtet werden kann, ist dies in der mit einzureichenden Verfahrensbeschreibung zu vermerken.<\/li>\n<\/ul>\n<p>&nbsp;<\/p>\n<table class=\"alignleft\" style=\"width: 100%; border-collapse: collapse; border-style: solid; border-color: #000000; background-color: #b11116;\" border=\"2px\" cellpadding=\"6px\">\n<tbody>\n<tr>\n<td style=\"width: 100%; text-align: justify;\"><span style=\"color: #ffffff; font-size: 12pt;\"><strong>Bei weiteren Fragen sprechen Sie uns gerne an! Wenn Sie mehr \u00fcber die Zukunft des europ\u00e4ischen Emissionshandelssystems (EU-ETS 1 &amp; 2), die Strompreiskompensation (SPK) sowie den Carbon Border Adjustment Mechanism (CBAM) erfahren wollen, dann kann auch unsere <span style=\"text-decoration: underline;\">GALLEHR+PARTNER<sup>\u00ae<\/sup>-Fachtagung vom 26. bis 27. November<\/span> hilfreich f\u00fcr Sie sein. Mehr Informationen <em><span style=\"text-decoration: underline;\"><a style=\"color: #ffffff; text-decoration: underline;\" href=\"https:\/\/gallehr.flei.dev\/de\/fachveranstaltung-2025\" target=\"_blank\" rel=\"noopener\">hier<\/a><\/span><\/em>.<\/strong><\/span><\/td>\n<\/tr>\n<\/tbody>\n<\/table>\n<p>&nbsp;<\/p>\n<hr \/>\n<h3 style=\"text-align: justify;\"><strong><span style=\"font-size: 12pt; color: #b11116;\">Hinweis:<\/span><\/strong><\/h3>\n<h4 style=\"text-align: justify;\"><span style=\"font-size: 12pt;\">GALLEHR+PARTNER<sup>\u00ae<\/sup> unterst\u00fctzt Sie bei Bedarf vollumf\u00e4nglich bei allen Belangen rund um den europ\u00e4ischen Emissionshandel<\/span><\/h4>\n<p><span style=\"font-size: 12pt;\">Unsere Unterst\u00fctzung im Einzelnen:<\/span><\/p>\n<ul>\n<li><span style=\"font-size: 12pt;\">Strategische Beratung und Optimierung<\/span><\/li>\n<li><span style=\"font-size: 12pt;\">Prognose von kostenloser Zuteilung und Bestimmung des Kaufbedarfs an Emissionszertifikaten inkl. Unterst\u00fctzung bei der Planung einer Kaufstrategie<\/span><\/li>\n<li><span style=\"font-size: 12pt;\">\u00dcbernahme jeglicher Pflichten im Rahmen des Compliance-Zykluses: 1\u00b0 bis 360\u00b0 Unterst\u00fctzung<\/span><\/li>\n<li><span style=\"font-size: 12pt;\">Erstellung von Zuteilungsantr\u00e4gen, \u00dcberwachungspl\u00e4nen, Methodenpl\u00e4nen, Emissionsberichten, Zuteilungsdatenberichten, Verbesserungsbericht, EU-ETS 1 Kompensation und Beantragung von Beihilfen zur Vermeidung von Carbon-Leakage (BEHG)<\/span><\/li>\n<li><span style=\"font-size: 12pt;\">Vermeidung von Doppelbelastungen und Wechsel zwischen EU-ETS 1 \/ BEHG oder EU-ETS 2<\/span><\/li>\n<li><span style=\"font-size: 12pt;\">BEHG bzw. EU-ETS Betroffenheits-Checks, Management, Optimierung und Prozessimplementierung<\/span><\/li>\n<li><span style=\"font-size: 12pt;\">Weitere Dienst- und Hilfeleistungen<\/span><\/li>\n<\/ul>\n<hr \/>\n<p style=\"text-align: justify;\"><span style=\"font-size: 12pt;\">GALLEHR+PARTNER<sup>\u00ae<\/sup> ist seit 2007 der erfahrene Lotse f\u00fcr die Wirtschaft auf dem Weg zur CO\u2082-Neutralit\u00e4t. Zu dem Kundenstamm von GALLEHR+PARTNER<sup>\u00ae<\/sup> geh\u00f6rt eine Vielzahl national und international renommierter Unternehmen. Diese ber\u00e4t und unterst\u00fctzt GALLEHR+PARTNER<sup>\u00ae<\/sup> teilweise bis zur vollst\u00e4ndigen eigenverantwortlichen \u00dcbernahme relevanter Prozesse.<\/span><\/p>\n<hr \/>\n<p><span style=\"font-size: 8pt;\">GALLEHR+PARTNER<sup>\u00ae<\/sup> nutzt KI-Tools, u.a. zur Unterst\u00fctzung bei der Erstellung von Beitr\u00e4gen. Die Korrektheit der Inhalte und Informationen ist durch die Fachkompetenz unserer Mitarbeitenden sichergestellt.<\/span><\/p>\n<p><span style=\"font-size: 8pt;\">Bei Fragen zu Inhalten k\u00f6nnen Sie sich gerne an <a href=\"mailto:kontakt@gallehr.de\" target=\"_blank\" rel=\"noopener\">kontakt@gallehr.de<\/a> wenden.<\/span><\/p>\n<p>&nbsp;<\/p>\n<p>&nbsp;<\/p>\n<p>&nbsp;<\/p>\n<p>&nbsp;<\/p>\n<p>&nbsp;<\/p>\n<p>[\/vc_column_text][\/vc_column][\/vc_row]<\/p>\n<\/div>","protected":false},"excerpt":{"rendered":"<p>[vc_row][vc_column width=&#8220;1\/1&#8243;][vc_column_text uncode_shortcode_id=&#8220;611187&#8243;] \u00dcberwachungspl\u00e4ne m\u00fcssen angepasst werden In K\u00fcrze: Beim \u00dcberwachungsplan f\u00fcr das europ\u00e4ische Emissionshandelssystem (EU ETS 1) gibt es [&hellip;]<\/p>\n","protected":false},"author":24,"featured_media":0,"comment_status":"closed","ping_status":"closed","sticky":false,"template":"","format":"standard","meta":{"footnotes":""},"categories":[837,180,178],"tags":[881,882,883,189,204,205,238,265,309,770,801],"class_list":["post-88492","post","type-post","status-publish","format-standard","hentry","category-emissionshandel","category-news","category-archiv","tag-biomasse","tag-ccu","tag-ccs","tag-emissionshandel","tag-dehst","tag-fms","tag-emissionsberechtigungen","tag-eu-ets","tag-emissionsbericht","tag-emissionen","tag-energieintensiv"],"_links":{"self":[{"href":"https:\/\/gallehr.flei.dev\/de\/wp-json\/wp\/v2\/posts\/88492","targetHints":{"allow":["GET"]}}],"collection":[{"href":"https:\/\/gallehr.flei.dev\/de\/wp-json\/wp\/v2\/posts"}],"about":[{"href":"https:\/\/gallehr.flei.dev\/de\/wp-json\/wp\/v2\/types\/post"}],"author":[{"embeddable":true,"href":"https:\/\/gallehr.flei.dev\/de\/wp-json\/wp\/v2\/users\/24"}],"replies":[{"embeddable":true,"href":"https:\/\/gallehr.flei.dev\/de\/wp-json\/wp\/v2\/comments?post=88492"}],"version-history":[{"count":0,"href":"https:\/\/gallehr.flei.dev\/de\/wp-json\/wp\/v2\/posts\/88492\/revisions"}],"wp:attachment":[{"href":"https:\/\/gallehr.flei.dev\/de\/wp-json\/wp\/v2\/media?parent=88492"}],"wp:term":[{"taxonomy":"category","embeddable":true,"href":"https:\/\/gallehr.flei.dev\/de\/wp-json\/wp\/v2\/categories?post=88492"},{"taxonomy":"post_tag","embeddable":true,"href":"https:\/\/gallehr.flei.dev\/de\/wp-json\/wp\/v2\/tags?post=88492"}],"curies":[{"name":"wp","href":"https:\/\/api.w.org\/{rel}","templated":true}]}}