{"id":88507,"date":"2025-11-13T13:20:09","date_gmt":"2025-11-13T12:20:09","guid":{"rendered":"https:\/\/gallehr.flei.dev\/?p=88507"},"modified":"2025-11-20T12:14:37","modified_gmt":"2025-11-20T11:14:37","slug":"gallehrpartner-fachtagung-2025-referent-andreas-fischer","status":"publish","type":"post","link":"https:\/\/gallehr.flei.dev\/de\/gallehrpartner-fachtagung-2025-referent-andreas-fischer\/","title":{"rendered":"GALLEHR+PARTNER<sup>\u00ae<\/sup> Fachtagung 2025 &#8211; Referent Andreas Fischer"},"content":{"rendered":"<div class=\"wpb-content-wrapper\"><p>[vc_row][vc_column width=&#8220;1\/1&#8243;][vc_column_text uncode_shortcode_id=&#8220;480564&#8243;]<\/p>\n<h2>Flexibilisierung als Wettbewerbsfaktor: Potenzielle Zielkonflikte zwischen Energie- und Industriesektor<\/h2>\n<p style=\"text-align: justify;\"><span style=\"font-size: 12pt;\">Die Stromm\u00e4rkte in Europa stehen vor einem tiefgreifenden Wandel. Mit dem wachsenden Anteil fluktuierender Erneuerbarer, neuen Markt- und Regulierungsans\u00e4tzen sowie steigenden Anforderungen an Netze und Speicher verschieben sich Preis- und Investitionssignale. F\u00fcr industrielle Verbraucher r\u00fcckt dabei ein Instrument zunehmend in den Mittelpunkt: die Flexibilisierung der Stromnachfrage. Richtig eingesetzt, wird Flexibilisierung zum Hebel, um Systemstabilit\u00e4t zu erh\u00f6hen, Kosten zu senken und gleichzeitig Dekarbonisierungsziele zu erreichen. Im komplexen Zusammenspiel von europ\u00e4ischen und nationalen Vorgaben einerseits und den Perspektiven von Stromproduzenten, Netzbetreibern sowie den industriellen Abnehmern andererseits zeigt sich, wie flexibel gef\u00fchrte Prozesse (etwa durch Lastverschiebung, Speicherl\u00f6sungen oder intelligenter Betriebsfahrweise) den Betrieb unseres Strommarktes effizienter und robuster machen k\u00f6nnen.<\/span><\/p>\n<p style=\"text-align: justify;\"><span style=\"font-size: 12pt;\">Aus volkswirtschaftlicher Sicht geht es dabei um weit mehr als um einzelne Technikpfade. Entscheidend sind verl\u00e4ssliche Preissignale, praktikable Schnittstellen zwischen Marktakteuren und eine Regulierung, die Flexibilit\u00e4t honoriert statt behindert. F\u00fcr Produzenten er\u00f6ffnen sich neue Kooperationsmodelle mit gro\u00dfen Abnehmern, f\u00fcr Netzbetreiber ergeben sich zus\u00e4tzliche Optionen beim Engpassmanagement und f\u00fcr Industrieunternehmen entstehen Gesch\u00e4ftsmodelle, die volatile Preise strategisch nutzen. Wer heute beginnt, Produktionsplanung, Energiemanagement und Beschaffung eng zu verzahnen, kann Preisspitzen aktiv managen und Wettbewerbsvorteile erschlie\u00dfen. Allerdings belohnen die aktuellen Rahmenbedingungen einen konstant hohen Stromverbrauch und der Flexibilit\u00e4t sind bei einigen industriellen Prozessen \u00f6konomische und technische Grenzen gesetzt. Dies f\u00fchrt zu einem potenziellen Spannungsfeld zwischen dem Bedarf nach mehr Flexibilit\u00e4t f\u00fcr eine langfristig kosteneffizientere Stromversorgung und einer Absenkung der ohnehin hohen Energiekostenbelastung der Industrie. Daher muss der regulatorische Rahmen zuk\u00fcnftig mehr M\u00f6glichkeiten und Anreize f\u00fcr Flexibilit\u00e4t abbilden, aber auch die Wettbewerbsf\u00e4higkeit energieintensiver Branchen im Blick halten.<\/span><\/p>\n<p style=\"text-align: justify;\"><span style=\"font-size: 12pt;\"><strong>Andreas Fischer<\/strong>, <a href=\"https:\/\/www.iwkoeln.de\/institut\/personen\/andreas-fischer.html\" target=\"_blank\" rel=\"noopener\">Senior Economist f\u00fcr Energie- und Klimapolitik<\/a> am <a href=\"https:\/\/www.iwkoeln.de\/\" target=\"_blank\" rel=\"noopener\">Institut der deutschen Wirtschaft in K\u00f6ln<\/a>, ordnet auf unserer Fachtagung diese Entwicklungen ein. Seit 2019 forscht er zur zuk\u00fcnftigen Energieversorgung und zur Umsetzung einer sektor\u00fcbergreifenden Energiewende und legt dadurch seine Arbeitsschwerpunkte auf die Transformation des Energie- und Industriesektors. Auf unserer Fachtagung zeigt er, welchem tiefgreifenden Wandel der Energie- und Industriesektor gegen\u00fcbersteht sowie welche potenziellen Zielkonflikte dabei entstehen.<\/span><\/p>\n<p style=\"text-align: justify;\"><span style=\"font-size: 12pt;\">GALLEHR+PARTNER<sup>\u00ae<\/sup> l\u00e4dt Sie herzlich zur Fachveranstaltung \u201eDie deutsche Industrie zwischen Regulatorik und Innovation. Klimaneutral. Wettbewerbsf\u00e4hig. Flexibel.\u201c am 26.\/27. November 2025 im Kronenschl\u00f6sschen, Eltville ein. Sind Sie neugierig? Hier erfahren Sie mehr: <a href=\"https:\/\/www.gallehr.de\/de\/fachveranstaltung-2025\">www.gallehr.de\/de\/fachveranstaltung-2025<\/a><\/span><\/p>\n<p style=\"text-align: justify;\"><span style=\"font-size: 12pt;\">#strommarkt #flexibilisierung #demandresponse #dekarbonisierung #energiepolitik #industrie #fachveranstaltung2025 #GALLEHRplusPartner<\/span><\/p>\n<div class='wp-block-pdfp-pdf-poster  alignnone'\n    id='block-1'\n    data-attributes='{&quot;file&quot;:&quot;https:\\\/\\\/gallehr.flei.dev\\\/wordpress\\\/wp-content\\\/uploads\\\/2025\\\/11\\\/Anzeige-Andreas-Fischer-V03.pdf&quot;,&quot;height&quot;:{&quot;desktop&quot;:&quot;1050px&quot;,&quot;tablet&quot;:&quot;700px&quot;,&quot;mobile&quot;:&quot;400px&quot;},&quot;btnStyles&quot;:{&quot;background&quot;:&quot;#2271b1&quot;,&quot;color&quot;:&quot;#fff&quot;,&quot;fontSize&quot;:&quot;16px&quot;,&quot;padding&quot;:{&quot;top&quot;:10,&quot;right&quot;:20,&quot;bottom&quot;:10,&quot;left&quot;:10}},&quot;align&quot;:&quot;none&quot;,&quot;alignment&quot;:&quot;left&quot;,&quot;title&quot;:&quot;&quot;,&quot;titleFontSize&quot;:&quot;16px&quot;,&quot;width&quot;:{&quot;desktop&quot;:&quot;100%&quot;,&quot;tablet&quot;:&quot;100%&quot;,&quot;mobile&quot;:&quot;100%&quot;},&quot;showName&quot;:false,&quot;print&quot;:false,&quot;onlyPDF&quot;:false,&quot;defaultBrowser&quot;:false,&quot;downloadButton&quot;:false,&quot;downloadButtonText&quot;:&quot;Download File&quot;,&quot;fullscreenButton&quot;:true,&quot;fullscreenButtonText&quot;:&quot;View Fullscreen&quot;,&quot;actionsPosition&quot;:&quot;top&quot;,&quot;newWindow&quot;:false,&quot;protect&quot;:false,&quot;thumbMenu&quot;:false,&quot;sidebarOpen&quot;:false,&quot;initialPage&quot;:0,&quot;alert&quot;:false,&quot;lastVersion&quot;:false,&quot;hrScroll&quot;:false,&quot;isHideRightToolbar&quot;:false,&quot;additional&quot;:{&quot;ID&quot;:&quot;&quot;,&quot;Class&quot;:&quot;&quot;,&quot;CSS&quot;:&quot;&quot;},&quot;adobeEmbedder&quot;:false,&quot;adobeOptions&quot;:{&quot;showDownloadPDF&quot;:true,&quot;showPrintPDF&quot;:true,&quot;showAnnotationTools&quot;:true,&quot;showFullScreen&quot;:false,&quot;embedMode&quot;:&quot;SIZED_CONTAINER&quot;},&quot;popupOptions&quot;:{&quot;enabled&quot;:false,&quot;triggerType&quot;:&quot;button&quot;,&quot;image&quot;:&quot;&quot;,&quot;imagePdfIcon&quot;:true,&quot;imageHeight&quot;:&quot;200px&quot;,&quot;imageWidth&quot;:&quot;300px&quot;,&quot;text&quot;:&quot;Open PDF&quot;,&quot;btnStyle&quot;:{&quot;background&quot;:&quot;#2271b1&quot;,&quot;color&quot;:&quot;#fff&quot;,&quot;fontSize&quot;:&quot;16px&quot;,&quot;padding&quot;:{&quot;top&quot;:10,&quot;right&quot;:20,&quot;bottom&quot;:10,&quot;left&quot;:10}}},&quot;popupBtnStyle&quot;:{&quot;background&quot;:&quot;#2271b1&quot;,&quot;color&quot;:&quot;#fff&quot;,&quot;padding&quot;:{&quot;top&quot;:10,&quot;right&quot;:20,&quot;bottom&quot;:10,&quot;left&quot;:10}},&quot;popupBtnText&quot;:&quot;Open Document&quot;,&quot;CSS&quot;:&quot;&quot;,&quot;socialShare&quot;:{&quot;enabled&quot;:false,&quot;facebook&quot;:true,&quot;twitter&quot;:true,&quot;linkedin&quot;:true,&quot;pinterest&quot;:true,&quot;position&quot;:&quot;top&quot;},&quot;isPremium&quot;:false}'\n    style=\"text-align: left\">\n            <div class=\"pdfp_loading_placeholder\" style=\"height: 1050px; width: 100%; display: flex; align-items: center; justify-content: center; background: #f5f5f5; border: 1px solid #ddd;\">\n             <p>Loading Viewer...<\/p>\n        <\/div>\n    <\/div>\n[\/vc_column_text][\/vc_column][\/vc_row]<\/p>\n<\/div>","protected":false},"excerpt":{"rendered":"<p>[vc_row][vc_column width=&#8220;1\/1&#8243;][vc_column_text uncode_shortcode_id=&#8220;480564&#8243;] Flexibilisierung als Wettbewerbsfaktor: Potenzielle Zielkonflikte zwischen Energie- und Industriesektor Die Stromm\u00e4rkte in Europa stehen vor einem tiefgreifenden [&hellip;]<\/p>\n","protected":false},"author":17,"featured_media":0,"comment_status":"closed","ping_status":"closed","sticky":false,"template":"","format":"standard","meta":{"footnotes":""},"categories":[873,180],"tags":[204,207,265,312,735],"class_list":["post-88507","post","type-post","status-publish","format-standard","hentry","category-fachtagung-2025","category-news","tag-dehst","tag-strompreiskompensation","tag-eu-ets","tag-nationaler-emissionshandel","tag-cbam"],"_links":{"self":[{"href":"https:\/\/gallehr.flei.dev\/de\/wp-json\/wp\/v2\/posts\/88507","targetHints":{"allow":["GET"]}}],"collection":[{"href":"https:\/\/gallehr.flei.dev\/de\/wp-json\/wp\/v2\/posts"}],"about":[{"href":"https:\/\/gallehr.flei.dev\/de\/wp-json\/wp\/v2\/types\/post"}],"author":[{"embeddable":true,"href":"https:\/\/gallehr.flei.dev\/de\/wp-json\/wp\/v2\/users\/17"}],"replies":[{"embeddable":true,"href":"https:\/\/gallehr.flei.dev\/de\/wp-json\/wp\/v2\/comments?post=88507"}],"version-history":[{"count":0,"href":"https:\/\/gallehr.flei.dev\/de\/wp-json\/wp\/v2\/posts\/88507\/revisions"}],"wp:attachment":[{"href":"https:\/\/gallehr.flei.dev\/de\/wp-json\/wp\/v2\/media?parent=88507"}],"wp:term":[{"taxonomy":"category","embeddable":true,"href":"https:\/\/gallehr.flei.dev\/de\/wp-json\/wp\/v2\/categories?post=88507"},{"taxonomy":"post_tag","embeddable":true,"href":"https:\/\/gallehr.flei.dev\/de\/wp-json\/wp\/v2\/tags?post=88507"}],"curies":[{"name":"wp","href":"https:\/\/api.w.org\/{rel}","templated":true}]}}