{"id":896,"date":"2009-09-29T15:09:41","date_gmt":"2009-09-29T15:09:41","guid":{"rendered":"https:\/\/hostsharing.gallehr.de\/WP\/?p=896"},"modified":"2021-07-02T10:23:51","modified_gmt":"2021-07-02T08:23:51","slug":"deutsch-in-wenigen-wochen-beginnt-die-wettbewerbsrelevante-zeit-fur-den-flugverkehr-im-co2-emissionshandel-im-gallehrpartner-co2-newsletter-0905-erfahren-sie-mehr-uber-die-verbleibenden-herausfor","status":"publish","type":"post","link":"https:\/\/gallehr.flei.dev\/de\/deutsch-in-wenigen-wochen-beginnt-die-wettbewerbsrelevante-zeit-fur-den-flugverkehr-im-co2-emissionshandel-im-gallehrpartner-co2-newsletter-0905-erfahren-sie-mehr-uber-die-verbleibenden-herausfor\/","title":{"rendered":"In wenigen Wochen beginnt die wettbewerbsrelevante Zeit f\u00fcr den Flugverkehr im CO2 Emissionshandel. Im GALLEHR+PARTNER CO2 Newsletter 09\/05 erfahren Sie mehr \u00fcber die verbleibenden Herausforderungen bis Anfang 2010"},"content":{"rendered":"<p>In nur wenigen Wochen beginnt das Jahr 2010 und damit die wettbewerbsrelevante Zeit f\u00fcr den Flugverkehr im CO<sub>2<\/sub> Emissionshandel.<\/p>\n<p>Die Monitoring Pl\u00e4ne sind jetzt hoffentlich geschrieben und an die zust\u00e4ndigen Beh\u00f6rden (Competent Authority) versendet. Jetzt ist es f\u00fcr die Flugverkehrsunternehmen Zeit, sich auf die wirklich wettbewerbsrelevanten Aspekte des EU CO<sub>2<\/sub> Emissionshandels zu konzentrieren.<\/p>\n<p>Im kostenlosen\u00a0<a href=\"www.gallehr.de\/WP\/?wpfb_dl=72\">GALLEHR+PARTNER CO<sub>2<\/sub>-Newsletter 05\/09<\/a>\u00a0erfahren Sie mehr \u00fcber die kommende Herausforderung und den zu setzenden Fokus bis 2010.<\/p>\n","protected":false},"excerpt":{"rendered":"<p>In nur wenigen Wochen beginnt das Jahr 2010 und damit die wettbewerbsrelevante Zeit f\u00fcr den Flugverkehr im CO2 Emissionshandel. Die [&hellip;]<\/p>\n","protected":false},"author":2,"featured_media":0,"comment_status":"closed","ping_status":"closed","sticky":false,"template":"","format":"standard","meta":{"footnotes":""},"categories":[178],"tags":[],"class_list":["post-896","post","type-post","status-publish","format-standard","hentry","category-archiv"],"_links":{"self":[{"href":"https:\/\/gallehr.flei.dev\/de\/wp-json\/wp\/v2\/posts\/896","targetHints":{"allow":["GET"]}}],"collection":[{"href":"https:\/\/gallehr.flei.dev\/de\/wp-json\/wp\/v2\/posts"}],"about":[{"href":"https:\/\/gallehr.flei.dev\/de\/wp-json\/wp\/v2\/types\/post"}],"author":[{"embeddable":true,"href":"https:\/\/gallehr.flei.dev\/de\/wp-json\/wp\/v2\/users\/2"}],"replies":[{"embeddable":true,"href":"https:\/\/gallehr.flei.dev\/de\/wp-json\/wp\/v2\/comments?post=896"}],"version-history":[{"count":0,"href":"https:\/\/gallehr.flei.dev\/de\/wp-json\/wp\/v2\/posts\/896\/revisions"}],"wp:attachment":[{"href":"https:\/\/gallehr.flei.dev\/de\/wp-json\/wp\/v2\/media?parent=896"}],"wp:term":[{"taxonomy":"category","embeddable":true,"href":"https:\/\/gallehr.flei.dev\/de\/wp-json\/wp\/v2\/categories?post=896"},{"taxonomy":"post_tag","embeddable":true,"href":"https:\/\/gallehr.flei.dev\/de\/wp-json\/wp\/v2\/tags?post=896"}],"curies":[{"name":"wp","href":"https:\/\/api.w.org\/{rel}","templated":true}]}}