{"id":898,"date":"2009-10-28T15:11:32","date_gmt":"2009-10-28T15:11:32","guid":{"rendered":"https:\/\/hostsharing.gallehr.de\/WP\/?p=898"},"modified":"2021-07-02T10:25:06","modified_gmt":"2021-07-02T08:25:06","slug":"deutsch-die-dev-2020-ist-veroffentlicht-lesen-sie-im-kostenlosen-gallehrpartner-infobrief-welche-aufgaben-auf-die-deutsche-industrie-bis-zum-31-marz-2010-zu-kommen","status":"publish","type":"post","link":"https:\/\/gallehr.flei.dev\/de\/deutsch-die-dev-2020-ist-veroffentlicht-lesen-sie-im-kostenlosen-gallehrpartner-infobrief-welche-aufgaben-auf-die-deutsche-industrie-bis-zum-31-marz-2010-zu-kommen\/","title":{"rendered":"Die DEV 2020 ist ver\u00f6ffentlicht. Lesen Sie im kostenlosen GALLEHR+PARTNER Infobrief welche Aufgaben auf die Deutsche Industrie bis zum 31. M\u00e4rz 2010 zu kommen."},"content":{"rendered":"<p>Ab 2013 \u00e4ndert sich im Europ\u00e4ischen Emissionshandel auch f\u00fcr den station\u00e4ren Sektor einiges. Bisher werden ma\u00dfgeblich die CO2 Emissionen von energieproduzierenden Unternehmen und ausgew\u00e4hlte Industriebranchen unter dem EU Emissionshandelssystem reguliert und ab 2012 werden in einem weitgehend parallelen System auch die CO2 Emissionen des internationalen Luftverkehrs reguliert.<\/p>\n<p>P\u00fcnktlich mit dem Beginn der dritten Emissionshandelsperiode ab 2013 werden gro\u00dfe weitere Teile der Europ\u00e4ischen Industrie in den EU Emissionshandel aufgenommen. Das bedeutet, dass die Industrie mindestens f\u00fcr 8 Jahre bis 2020 diesem neuen Instrument unterliegen wird und die entsprechenden Risiken zu tragen hat, aber auch die Chancen gerade aus wettbewerblicher Sicht nutzen kann.<\/p>\n<p>Mit der Datenerhebungsverordnung 2020 kommen auf die Deutsche Industrie jetzt schon bis zum 31. M\u00e4rz 2010 neue Aufgaben zu, die erst ab 2013 ihre Wirkung entfalten. Genauso wie seinerzeit im Jahr 2004 und dann wieder zur DEV2012 im Jahr 2006 k\u00f6nnen die Angaben, die jetzt erhoben und verifiziert den Deutschen Beh\u00f6rden berichtet werden m\u00fcssen, \u00fcber die freie Zuteilung von Emissionsberechtigungen f\u00fcr die gesamten acht Jahre der dritten Handelsperiode entscheiden.<\/p>\n<p>Lesen Sie diesem\u00a0<a href=\"https:\/\/gallehr.flei.dev\/WP\/?wpfb_dl=10\">kostenlosen GALLEHR+PARTNER Infobrief Klimastrategie 09\/06<\/a>\u00a0welche Aufgaben auf die Deutsche Industrie bis zum 31. M\u00e4rz 2010 zu kommen.<\/p>\n","protected":false},"excerpt":{"rendered":"<p>Ab 2013 \u00e4ndert sich im Europ\u00e4ischen Emissionshandel auch f\u00fcr den station\u00e4ren Sektor einiges. Bisher werden ma\u00dfgeblich die CO2 Emissionen von [&hellip;]<\/p>\n","protected":false},"author":2,"featured_media":0,"comment_status":"closed","ping_status":"closed","sticky":false,"template":"","format":"standard","meta":{"footnotes":""},"categories":[178],"tags":[],"class_list":["post-898","post","type-post","status-publish","format-standard","hentry","category-archiv"],"_links":{"self":[{"href":"https:\/\/gallehr.flei.dev\/de\/wp-json\/wp\/v2\/posts\/898","targetHints":{"allow":["GET"]}}],"collection":[{"href":"https:\/\/gallehr.flei.dev\/de\/wp-json\/wp\/v2\/posts"}],"about":[{"href":"https:\/\/gallehr.flei.dev\/de\/wp-json\/wp\/v2\/types\/post"}],"author":[{"embeddable":true,"href":"https:\/\/gallehr.flei.dev\/de\/wp-json\/wp\/v2\/users\/2"}],"replies":[{"embeddable":true,"href":"https:\/\/gallehr.flei.dev\/de\/wp-json\/wp\/v2\/comments?post=898"}],"version-history":[{"count":0,"href":"https:\/\/gallehr.flei.dev\/de\/wp-json\/wp\/v2\/posts\/898\/revisions"}],"wp:attachment":[{"href":"https:\/\/gallehr.flei.dev\/de\/wp-json\/wp\/v2\/media?parent=898"}],"wp:term":[{"taxonomy":"category","embeddable":true,"href":"https:\/\/gallehr.flei.dev\/de\/wp-json\/wp\/v2\/categories?post=898"},{"taxonomy":"post_tag","embeddable":true,"href":"https:\/\/gallehr.flei.dev\/de\/wp-json\/wp\/v2\/tags?post=898"}],"curies":[{"name":"wp","href":"https:\/\/api.w.org\/{rel}","templated":true}]}}