{"id":915,"date":"2010-03-19T15:51:48","date_gmt":"2010-03-19T15:51:48","guid":{"rendered":"https:\/\/hostsharing.gallehr.de\/WP\/?p=915"},"modified":"2021-07-02T10:30:16","modified_gmt":"2021-07-02T08:30:16","slug":"deutsch-carbon-footprint-gallehrpartner-hat-fur-wiesenhof-erfogreich-verifizierte-methodologie-zur-ermittlung-des-produktbezogenen-co2-fusabdrucks-erstellt","status":"publish","type":"post","link":"https:\/\/gallehr.flei.dev\/de\/deutsch-carbon-footprint-gallehrpartner-hat-fur-wiesenhof-erfogreich-verifizierte-methodologie-zur-ermittlung-des-produktbezogenen-co2-fusabdrucks-erstellt\/","title":{"rendered":"Carbon Footprint: GALLEHR+PARTNER hat f\u00fcr WIESENHOF erfogreich verifizierte Methodologie zur Ermittlung des produktbezogenen CO2-Fu\u00dfabdrucks erstellt"},"content":{"rendered":"<p>Da momentan in der Lebensmittelbranche f\u00fcr den CO<sub>2<\/sub>-Fu\u00dfabdruck (Product Carbon Footprint) kein allgemein akzeptierter Standard existiert, hat <a title=\"Link zur Webseite von Wiesenhof\" href=\"https:\/\/www.wiesenhof-online.de\/\" target=\"_blank\" rel=\"noopener\">Wiesenhof<\/a> zusammen mit dem auf Emissionsfragen spezialisierten Beratungsunternehmen GALLEHR+PARTNER eine international anerkannte allgemeine Berechnungsmethodik zur Ermittlung der CO<sub>2<\/sub>-Fracht von Konsumprodukten auf die Bed\u00fcrfnisse der Lebensmittelindustrie angepasst*). Diese Methodik wurde von <a title=\"Link zur Webseite von Deloitte Cert\" href=\"https:\/\/www.deloitte.com\/view\/en_GX\/global\/index.htm\/\" target=\"_blank\" rel=\"noopener\">Deloitte Cert<\/a> zertifiziert. Die Richtigkeit der Zahlenwerte wird derzeit zus\u00e4tzlich vom <a title=\"Link zur Webseite von T\u00dcV S\u00fcd\" href=\"https:\/\/www.tuev-sued.de\/\" target=\"_blank\" rel=\"noopener\">T\u00dcV S\u00fcd<\/a> \u00fcberpr\u00fcft.<\/p>\n<p>Hier finden Sie weiterf\u00fchrende Informationen<\/p>\n<p>*) Basis f\u00fcr die Ermittlung ist der von<a title=\"Link zur Webseite von Carbon Trust\" href=\"https:\/\/www.carbontrust.co.uk\/Pages\/Default.aspx\" target=\"_blank\" rel=\"noopener\"> Carbon Trust <\/a>entwickelte <a title=\"Link zur Webseite von PAS 2050\" href=\"https:\/\/www.bsigroup.com\/Standards-and-Publications\/How-we-can-help-you\/Professional-Standards-Service\/PAS-2050\" target=\"_blank\" rel=\"noopener\">PAS 2050<\/a> sowie das vom Hessischen Ministerium f\u00fcr Umwelt, Landwirtschaft und Forsten gef\u00f6rderte<a title=\"Link zur Webseite von GEMIS\" href=\"https:\/\/www.oeko.de\/aktuelles\/dok\/544.php\" target=\"_blank\" rel=\"noopener\"> Globale Emissions-Modell Integrierter Systeme (GEMIS) <\/a>in der Version 4.5 und diverse internationale Datenbanken.<\/p>\n","protected":false},"excerpt":{"rendered":"<p>Da momentan in der Lebensmittelbranche f\u00fcr den CO2-Fu\u00dfabdruck (Product Carbon Footprint) kein allgemein akzeptierter Standard existiert, hat Wiesenhof zusammen mit [&hellip;]<\/p>\n","protected":false},"author":2,"featured_media":0,"comment_status":"closed","ping_status":"closed","sticky":false,"template":"","format":"standard","meta":{"footnotes":""},"categories":[178],"tags":[],"class_list":["post-915","post","type-post","status-publish","format-standard","hentry","category-archiv"],"_links":{"self":[{"href":"https:\/\/gallehr.flei.dev\/de\/wp-json\/wp\/v2\/posts\/915","targetHints":{"allow":["GET"]}}],"collection":[{"href":"https:\/\/gallehr.flei.dev\/de\/wp-json\/wp\/v2\/posts"}],"about":[{"href":"https:\/\/gallehr.flei.dev\/de\/wp-json\/wp\/v2\/types\/post"}],"author":[{"embeddable":true,"href":"https:\/\/gallehr.flei.dev\/de\/wp-json\/wp\/v2\/users\/2"}],"replies":[{"embeddable":true,"href":"https:\/\/gallehr.flei.dev\/de\/wp-json\/wp\/v2\/comments?post=915"}],"version-history":[{"count":0,"href":"https:\/\/gallehr.flei.dev\/de\/wp-json\/wp\/v2\/posts\/915\/revisions"}],"wp:attachment":[{"href":"https:\/\/gallehr.flei.dev\/de\/wp-json\/wp\/v2\/media?parent=915"}],"wp:term":[{"taxonomy":"category","embeddable":true,"href":"https:\/\/gallehr.flei.dev\/de\/wp-json\/wp\/v2\/categories?post=915"},{"taxonomy":"post_tag","embeddable":true,"href":"https:\/\/gallehr.flei.dev\/de\/wp-json\/wp\/v2\/tags?post=915"}],"curies":[{"name":"wp","href":"https:\/\/api.w.org\/{rel}","templated":true}]}}