{"id":924,"date":"2010-12-13T16:15:05","date_gmt":"2010-12-13T16:15:05","guid":{"rendered":"https:\/\/hostsharing.gallehr.de\/WP\/?p=924"},"modified":"2021-07-02T10:35:38","modified_gmt":"2021-07-02T08:35:38","slug":"deutsch-co2-infobrief-2010-04-anleitung-zur-sicherung-der-freien-zuteilung-fur-den-flugverkehrssektor","status":"publish","type":"post","link":"https:\/\/gallehr.flei.dev\/de\/deutsch-co2-infobrief-2010-04-anleitung-zur-sicherung-der-freien-zuteilung-fur-den-flugverkehrssektor\/","title":{"rendered":"CO2 Infobrief 2010-04: Anleitung zur Sicherung der freien Zuteilung f\u00fcr den Flugverkehrssektor"},"content":{"rendered":"<p>Inhalt des GALLEHR+PARTNER CO<sub>2<\/sub>-Newsletter 2010-04 zum Download:<\/p>\n<p>Der Stichtag 31.03.2011 ist gerade f\u00fcr den Luftverkehrs-Sektor in Bezug auf den EU-Emissionshandel von entscheidender Bedeutung. Sp\u00e4testens an diesem Tag m\u00fcssen alle Luftverkehrsbetreiber, die im EU CO<sub>2<\/sub> Emissionshandel reguliert werden, ihre CO<sub>2<\/sub> und Tonnenkilometer Berichte abgegeben haben. Diese m\u00fcssen vorab anhand der genehmigten Monitoring Pl\u00e4ne verifizierten worden sein.<\/p>\n<p>Sollte dieser Zeitpunkt nicht eingehalten werden, die Berichte nicht den Vorschriften entsprechen oder bei der \u00dcbermittlung nicht der richtige Versandweg eingeschlagen worden sein, werden die betroffenen Unternehmen keine Zuteilung f\u00fcr die gesamten neun Jahre von 2012-2020 bekommen!<\/p>\n<p>Lesen Sie im frei erh\u00e4ltlichen, <a title=\"Link zum Newsletter\" href=\"https:\/\/gallehr.flei.dev\/WP\/?wpfb_dl=73\">englischsprachigen GALLEHR+PARTNER CO<sub>2<\/sub>-Newsletter 2010-04<\/a> Hinweise \u00fcber die bevorstehenden Aufgaben und Beispiele zu den finanziellen Risiken gerade f\u00fcr Kleinemittenten.<\/p>\n","protected":false},"excerpt":{"rendered":"<p>Inhalt des GALLEHR+PARTNER CO2-Newsletter 2010-04 zum Download: Der Stichtag 31.03.2011 ist gerade f\u00fcr den Luftverkehrs-Sektor in Bezug auf den EU-Emissionshandel [&hellip;]<\/p>\n","protected":false},"author":2,"featured_media":0,"comment_status":"closed","ping_status":"closed","sticky":false,"template":"","format":"standard","meta":{"footnotes":""},"categories":[178],"tags":[],"class_list":["post-924","post","type-post","status-publish","format-standard","hentry","category-archiv"],"_links":{"self":[{"href":"https:\/\/gallehr.flei.dev\/de\/wp-json\/wp\/v2\/posts\/924","targetHints":{"allow":["GET"]}}],"collection":[{"href":"https:\/\/gallehr.flei.dev\/de\/wp-json\/wp\/v2\/posts"}],"about":[{"href":"https:\/\/gallehr.flei.dev\/de\/wp-json\/wp\/v2\/types\/post"}],"author":[{"embeddable":true,"href":"https:\/\/gallehr.flei.dev\/de\/wp-json\/wp\/v2\/users\/2"}],"replies":[{"embeddable":true,"href":"https:\/\/gallehr.flei.dev\/de\/wp-json\/wp\/v2\/comments?post=924"}],"version-history":[{"count":0,"href":"https:\/\/gallehr.flei.dev\/de\/wp-json\/wp\/v2\/posts\/924\/revisions"}],"wp:attachment":[{"href":"https:\/\/gallehr.flei.dev\/de\/wp-json\/wp\/v2\/media?parent=924"}],"wp:term":[{"taxonomy":"category","embeddable":true,"href":"https:\/\/gallehr.flei.dev\/de\/wp-json\/wp\/v2\/categories?post=924"},{"taxonomy":"post_tag","embeddable":true,"href":"https:\/\/gallehr.flei.dev\/de\/wp-json\/wp\/v2\/tags?post=924"}],"curies":[{"name":"wp","href":"https:\/\/api.w.org\/{rel}","templated":true}]}}