{"id":933,"date":"2012-04-11T16:21:46","date_gmt":"2012-04-11T16:21:46","guid":{"rendered":"https:\/\/hostsharing.gallehr.de\/WP\/?p=933"},"modified":"2021-07-02T10:37:09","modified_gmt":"2021-07-02T08:37:09","slug":"deutsch-iso-50001-offizielle-energiemanagement-norm-status-quo-und-erste-schritte","status":"publish","type":"post","link":"https:\/\/gallehr.flei.dev\/de\/deutsch-iso-50001-offizielle-energiemanagement-norm-status-quo-und-erste-schritte\/","title":{"rendered":"ISO 50001 offizielle Energiemanagement Norm: Status Quo und erste Schritte"},"content":{"rendered":"<p>Ab 2013 gilt, dass ein nach ISO 50001 zertifiziertes Energiemanagementsystem oder ein nach EMAS registriertes Umweltmanagementsystem verbindlich f\u00fcr alle Unternehmen des produzierenden Gewerbes ist, die ab 2014 (Antragstellung bis 30.6.2013) noch von der Begrenzung der EEG-Umlage nach \u00a7\u00a7 40 ff EEG profitieren wollen. Weitere Steuererleichterungen stehen in Aussicht. Die Spitzenverb\u00e4nde der Deutschen Wirtschaft verhandeln in diesen Wochen mit den zust\u00e4ndigen Ministerien und der EU Kommission \u00fcber eine entsprechende Regelung.<\/p>\n<p>Finden Sie hier den <a title=\"Link zum kostenlosen Infobrief\" href=\"https:\/\/gallehr.flei.dev\/WP\/?wpfb_dl=48\">kostenlosen GALLEHR+PARTNER Energiemanagement Infobrief 01-2012<\/a>. Er gibt einen \u00dcberblick \u00fcber die Voraussetzungen, die zur Begrenzung der EEG Umlage notwendig sind und \u00fcber die jetzt schon verl\u00e4sslich durchzuf\u00fchrenden Schritte zur Einf\u00fchrung eines Energiemanagement-Systems nach ISO 50001.<\/p>\n","protected":false},"excerpt":{"rendered":"<p>Ab 2013 gilt, dass ein nach ISO 50001 zertifiziertes Energiemanagementsystem oder ein nach EMAS registriertes Umweltmanagementsystem verbindlich f\u00fcr alle Unternehmen [&hellip;]<\/p>\n","protected":false},"author":2,"featured_media":0,"comment_status":"closed","ping_status":"closed","sticky":false,"template":"","format":"standard","meta":{"footnotes":""},"categories":[180,178],"tags":[],"class_list":["post-933","post","type-post","status-publish","format-standard","hentry","category-news","category-archiv"],"_links":{"self":[{"href":"https:\/\/gallehr.flei.dev\/de\/wp-json\/wp\/v2\/posts\/933","targetHints":{"allow":["GET"]}}],"collection":[{"href":"https:\/\/gallehr.flei.dev\/de\/wp-json\/wp\/v2\/posts"}],"about":[{"href":"https:\/\/gallehr.flei.dev\/de\/wp-json\/wp\/v2\/types\/post"}],"author":[{"embeddable":true,"href":"https:\/\/gallehr.flei.dev\/de\/wp-json\/wp\/v2\/users\/2"}],"replies":[{"embeddable":true,"href":"https:\/\/gallehr.flei.dev\/de\/wp-json\/wp\/v2\/comments?post=933"}],"version-history":[{"count":0,"href":"https:\/\/gallehr.flei.dev\/de\/wp-json\/wp\/v2\/posts\/933\/revisions"}],"wp:attachment":[{"href":"https:\/\/gallehr.flei.dev\/de\/wp-json\/wp\/v2\/media?parent=933"}],"wp:term":[{"taxonomy":"category","embeddable":true,"href":"https:\/\/gallehr.flei.dev\/de\/wp-json\/wp\/v2\/categories?post=933"},{"taxonomy":"post_tag","embeddable":true,"href":"https:\/\/gallehr.flei.dev\/de\/wp-json\/wp\/v2\/tags?post=933"}],"curies":[{"name":"wp","href":"https:\/\/api.w.org\/{rel}","templated":true}]}}